{"id":1659,"date":"2022-04-05T16:23:02","date_gmt":"2022-04-05T15:23:02","guid":{"rendered":"https:\/\/pre.f-impuls.org\/la-fundacion-impuls-colabora-con-les-alzines-en-la-lucha-contra-el-cancer-infantil\/"},"modified":"2022-04-07T14:57:44","modified_gmt":"2022-04-07T13:57:44","slug":"la-fundacion-impuls-colabora-con-les-alzines-en-la-lucha-contra-el-cancer-infantil","status":"publish","type":"post","link":"https:\/\/fundacioimpuls.org\/es\/la-fundacion-impuls-colabora-con-les-alzines-en-la-lucha-contra-el-cancer-infantil\/","title":{"rendered":"La Fundaci\u00f3n Impuls colabora con Les Alzines en la lucha contra el c\u00e1ncer Infantil"},"content":{"rendered":"\n<p><span style=\"font-weight: 400;\">El viernes 12 de noviembre la escuela <a href=\"https:\/\/lesalzines.institucio.org\/ca\/\">Les Alzines<\/a> de Girona, en colaboraci\u00f3n con la <a href=\"https:\/\/fundacioimpuls.org\/\">Fundaci\u00f3n Impuls<\/a>, realiz\u00f3, un a\u00f1o m\u00e1s, la Chocolatada Solidaria para sumarse a la lucha del \u201cD\u00eda internacional del c\u00e1ncer infantil\u00bb. En total se recaudaron 1.601 euros \u00edntegramente destinados al <a href=\"https:\/\/www.sjdhospitalbarcelona.org\/ca\">Hospital San Juan de Dios<\/a>.<\/span><\/p>\n\n\n\n<p>La escuela prepar\u00f3 chocolate con melindros para merendar y muchas alumnas de Primaria y de Secundaria pudieron colaborar voluntariamente en este proyecto dando 3\u20ac. En la preparaci\u00f3n de esta merienda se tuvieron en cuenta todas aquellas personas cel\u00edacas o intolerantes a la lactosa.<\/p>\n\n\n\n<p><span style=\"font-weight: 400;\">Fue una jornada muy divertida y a la vez enriquecedora. El proyecto educativo de la escuela, <a href=\"https:\/\/lesalzines.institucio.org\/ca\/que-es-aude-ca\">Aude!25<\/a> est\u00e1 conformado por cuatro ejes, uno de ellos es el Compromiso Social, que contempla la necesidad de educar a las alumnas para que sean personas solidarias. <strong>\u201cNos proponemos todo un reto: que nuestras alumnas sean felices ayudando a los otros y con una sensibilidad activa hacia el medio ambiente\u201d<\/strong> afirma Esther Latre, directora del centro escolar.<\/span><\/p>\n","protected":false},"excerpt":{"rendered":"<p>El viernes 12 de noviembre la escuela Les Alzines de Girona, en colaboraci\u00f3n con la Fundaci\u00f3n Impuls, realiz\u00f3, un a\u00f1o m\u00e1s, la Chocolatada Solidaria para sumarse a la lucha del \u201cD\u00eda internacional del c\u00e1ncer infantil\u00bb. En total se recaudaron 1.601 euros \u00edntegramente destinados al Hospital San Juan de Dios. La escuela prepar\u00f3 chocolate con melindros [&hellip;]<\/p>\n","protected":false},"author":4,"featured_media":1399,"comment_status":"open","ping_status":"open","sticky":false,"template":"","format":"standard","meta":[],"categories":[21],"tags":[],"yoast_head":"<!-- This site is optimized with the Yoast SEO plugin v20.9 - https:\/\/yoast.com\/wordpress\/plugins\/seo\/ -->\n<title>La Fundaci\u00f3n Impuls colabora con Les Alzines en la lucha contra el c\u00e1ncer Infantil - Fundaci\u00f3 Impuls<\/title>\n<meta name=\"robots\" content=\"index, follow, max-snippet:-1, max-image-preview:large, max-video-preview:-1\" \/>\n<link rel=\"canonical\" href=\"https:\/\/fundacioimpuls.org\/es\/la-fundacion-impuls-colabora-con-les-alzines-en-la-lucha-contra-el-cancer-infantil\/\" \/>\n<meta property=\"og:locale\" content=\"es_ES\" \/>\n<meta property=\"og:type\" content=\"article\" \/>\n<meta property=\"og:title\" content=\"La Fundaci\u00f3n Impuls colabora con Les Alzines en la lucha contra el c\u00e1ncer Infantil - Fundaci\u00f3 Impuls\" \/>\n<meta property=\"og:description\" content=\"El viernes 12 de noviembre la escuela Les Alzines de Girona, en colaboraci\u00f3n con la Fundaci\u00f3n Impuls, realiz\u00f3, un a\u00f1o m\u00e1s, la Chocolatada Solidaria para sumarse a la lucha del \u201cD\u00eda internacional del c\u00e1ncer infantil\u00bb. En total se recaudaron 1.601 euros \u00edntegramente destinados al Hospital San Juan de Dios. La escuela prepar\u00f3 chocolate con melindros [&hellip;]\" \/>\n<meta property=\"og:url\" content=\"https:\/\/fundacioimpuls.org\/es\/la-fundacion-impuls-colabora-con-les-alzines-en-la-lucha-contra-el-cancer-infantil\/\" \/>\n<meta property=\"og:site_name\" content=\"Fundaci\u00f3 Impuls\" \/>\n<meta property=\"article:published_time\" content=\"2022-04-05T15:23:02+00:00\" \/>\n<meta property=\"article:modified_time\" content=\"2022-04-07T13:57:44+00:00\" \/>\n<meta property=\"og:image\" content=\"https:\/\/fundacioimpuls.org\/wp-content\/uploads\/2022\/03\/XOCOLATADA-LES-ALZINES.jpg\" \/>\n\t<meta property=\"og:image:width\" content=\"800\" \/>\n\t<meta property=\"og:image:height\" content=\"504\" \/>\n\t<meta property=\"og:image:type\" content=\"image\/jpeg\" \/>\n<meta name=\"author\" content=\"Gemma Abadia\" \/>\n<meta name=\"twitter:card\" content=\"summary_large_image\" \/>\n<meta name=\"twitter:label1\" content=\"Escrito por\" \/>\n\t<meta name=\"twitter:data1\" content=\"Gemma Abadia\" \/>\n\t<meta name=\"twitter:label2\" content=\"Tiempo de lectura\" \/>\n\t<meta name=\"twitter:data2\" content=\"1 minuto\" \/>\n<script type=\"application\/ld+json\" class=\"yoast-schema-graph\">{\"@context\":\"https:\/\/schema.org\",\"@graph\":[{\"@type\":\"Article\",\"@id\":\"https:\/\/fundacioimpuls.org\/es\/la-fundacion-impuls-colabora-con-les-alzines-en-la-lucha-contra-el-cancer-infantil\/#article\",\"isPartOf\":{\"@id\":\"https:\/\/fundacioimpuls.org\/es\/la-fundacion-impuls-colabora-con-les-alzines-en-la-lucha-contra-el-cancer-infantil\/\"},\"author\":{\"name\":\"Gemma Abadia\",\"@id\":\"https:\/\/fundacioimpuls.org\/#\/schema\/person\/6e682846ec1b0d2b6b6fc35dde97d398\"},\"headline\":\"La Fundaci\u00f3n Impuls colabora con Les Alzines en la lucha contra el c\u00e1ncer Infantil\",\"datePublished\":\"2022-04-05T15:23:02+00:00\",\"dateModified\":\"2022-04-07T13:57:44+00:00\",\"mainEntityOfPage\":{\"@id\":\"https:\/\/fundacioimpuls.org\/es\/la-fundacion-impuls-colabora-con-les-alzines-en-la-lucha-contra-el-cancer-infantil\/\"},\"wordCount\":186,\"commentCount\":0,\"publisher\":{\"@id\":\"https:\/\/fundacioimpuls.org\/#organization\"},\"articleSection\":[\"COOPERACI\u00d3N\"],\"inLanguage\":\"es\",\"potentialAction\":[{\"@type\":\"CommentAction\",\"name\":\"Comment\",\"target\":[\"https:\/\/fundacioimpuls.org\/es\/la-fundacion-impuls-colabora-con-les-alzines-en-la-lucha-contra-el-cancer-infantil\/#respond\"]}]},{\"@type\":\"WebPage\",\"@id\":\"https:\/\/fundacioimpuls.org\/es\/la-fundacion-impuls-colabora-con-les-alzines-en-la-lucha-contra-el-cancer-infantil\/\",\"url\":\"https:\/\/fundacioimpuls.org\/es\/la-fundacion-impuls-colabora-con-les-alzines-en-la-lucha-contra-el-cancer-infantil\/\",\"name\":\"La Fundaci\u00f3n Impuls colabora con Les Alzines en la lucha contra el c\u00e1ncer Infantil - Fundaci\u00f3 Impuls\",\"isPartOf\":{\"@id\":\"https:\/\/fundacioimpuls.org\/#website\"},\"datePublished\":\"2022-04-05T15:23:02+00:00\",\"dateModified\":\"2022-04-07T13:57:44+00:00\",\"breadcrumb\":{\"@id\":\"https:\/\/fundacioimpuls.org\/es\/la-fundacion-impuls-colabora-con-les-alzines-en-la-lucha-contra-el-cancer-infantil\/#breadcrumb\"},\"inLanguage\":\"es\",\"potentialAction\":[{\"@type\":\"ReadAction\",\"target\":[\"https:\/\/fundacioimpuls.org\/es\/la-fundacion-impuls-colabora-con-les-alzines-en-la-lucha-contra-el-cancer-infantil\/\"]}]},{\"@type\":\"BreadcrumbList\",\"@id\":\"https:\/\/fundacioimpuls.org\/es\/la-fundacion-impuls-colabora-con-les-alzines-en-la-lucha-contra-el-cancer-infantil\/#breadcrumb\",\"itemListElement\":[{\"@type\":\"ListItem\",\"position\":1,\"name\":\"Inici\",\"item\":\"https:\/\/fundacioimpuls.org\/es\/\"},{\"@type\":\"ListItem\",\"position\":2,\"name\":\"La Fundaci\u00f3n Impuls colabora con Les Alzines en la lucha contra el c\u00e1ncer Infantil\"}]},{\"@type\":\"WebSite\",\"@id\":\"https:\/\/fundacioimpuls.org\/#website\",\"url\":\"https:\/\/fundacioimpuls.org\/\",\"name\":\"Fundaci\u00f3 Impuls\",\"description\":\"Impuls quiere contribuir a la mejora de la sociedad a trav\u00e9s de la investigaci\u00f3n en materia educativa, el reconocimiento al papel del profesorado y la cooperaci\u00f3n internacional con proyectos educativos en pa\u00edses en v\u00edas de desarrollo.\",\"publisher\":{\"@id\":\"https:\/\/fundacioimpuls.org\/#organization\"},\"potentialAction\":[{\"@type\":\"SearchAction\",\"target\":{\"@type\":\"EntryPoint\",\"urlTemplate\":\"https:\/\/fundacioimpuls.org\/?s={search_term_string}\"},\"query-input\":\"required name=search_term_string\"}],\"inLanguage\":\"es\"},{\"@type\":\"Organization\",\"@id\":\"https:\/\/fundacioimpuls.org\/#organization\",\"name\":\"Fundaci\u00f3 Impuls\",\"url\":\"https:\/\/fundacioimpuls.org\/\",\"logo\":{\"@type\":\"ImageObject\",\"inLanguage\":\"es\",\"@id\":\"https:\/\/fundacioimpuls.org\/#\/schema\/logo\/image\/\",\"url\":\"https:\/\/fundacioimpuls.org\/wp-content\/uploads\/2022\/05\/logo-impuls-1.jpg\",\"contentUrl\":\"https:\/\/fundacioimpuls.org\/wp-content\/uploads\/2022\/05\/logo-impuls-1.jpg\",\"width\":2012,\"height\":780,\"caption\":\"Fundaci\u00f3 Impuls\"},\"image\":{\"@id\":\"https:\/\/fundacioimpuls.org\/#\/schema\/logo\/image\/\"}},{\"@type\":\"Person\",\"@id\":\"https:\/\/fundacioimpuls.org\/#\/schema\/person\/6e682846ec1b0d2b6b6fc35dde97d398\",\"name\":\"Gemma Abadia\",\"image\":{\"@type\":\"ImageObject\",\"inLanguage\":\"es\",\"@id\":\"https:\/\/fundacioimpuls.org\/#\/schema\/person\/image\/\",\"url\":\"https:\/\/secure.gravatar.com\/avatar\/9d1fc191db8018e3fffc7c081a23a85d?s=96&d=mm&r=g\",\"contentUrl\":\"https:\/\/secure.gravatar.com\/avatar\/9d1fc191db8018e3fffc7c081a23a85d?s=96&d=mm&r=g\",\"caption\":\"Gemma Abadia\"},\"url\":\"https:\/\/fundacioimpuls.org\/es\/author\/gemma\/\"}]}<\/script>\n<!-- \/ Yoast SEO plugin. -->","yoast_head_json":{"title":"La Fundaci\u00f3n Impuls colabora con Les Alzines en la lucha contra el c\u00e1ncer Infantil - Fundaci\u00f3 Impuls","robots":{"index":"index","follow":"follow","max-snippet":"max-snippet:-1","max-image-preview":"max-image-preview:large","max-video-preview":"max-video-preview:-1"},"canonical":"https:\/\/fundacioimpuls.org\/es\/la-fundacion-impuls-colabora-con-les-alzines-en-la-lucha-contra-el-cancer-infantil\/","og_locale":"es_ES","og_type":"article","og_title":"La Fundaci\u00f3n Impuls colabora con Les Alzines en la lucha contra el c\u00e1ncer Infantil - Fundaci\u00f3 Impuls","og_description":"El viernes 12 de noviembre la escuela Les Alzines de Girona, en colaboraci\u00f3n con la Fundaci\u00f3n Impuls, realiz\u00f3, un a\u00f1o m\u00e1s, la Chocolatada Solidaria para sumarse a la lucha del \u201cD\u00eda internacional del c\u00e1ncer infantil\u00bb. En total se recaudaron 1.601 euros \u00edntegramente destinados al Hospital San Juan de Dios. La escuela prepar\u00f3 chocolate con melindros [&hellip;]","og_url":"https:\/\/fundacioimpuls.org\/es\/la-fundacion-impuls-colabora-con-les-alzines-en-la-lucha-contra-el-cancer-infantil\/","og_site_name":"Fundaci\u00f3 Impuls","article_published_time":"2022-04-05T15:23:02+00:00","article_modified_time":"2022-04-07T13:57:44+00:00","og_image":[{"width":800,"height":504,"url":"https:\/\/fundacioimpuls.org\/wp-content\/uploads\/2022\/03\/XOCOLATADA-LES-ALZINES.jpg","type":"image\/jpeg"}],"author":"Gemma Abadia","twitter_card":"summary_large_image","twitter_misc":{"Escrito por":"Gemma Abadia","Tiempo de lectura":"1 minuto"},"schema":{"@context":"https:\/\/schema.org","@graph":[{"@type":"Article","@id":"https:\/\/fundacioimpuls.org\/es\/la-fundacion-impuls-colabora-con-les-alzines-en-la-lucha-contra-el-cancer-infantil\/#article","isPartOf":{"@id":"https:\/\/fundacioimpuls.org\/es\/la-fundacion-impuls-colabora-con-les-alzines-en-la-lucha-contra-el-cancer-infantil\/"},"author":{"name":"Gemma Abadia","@id":"https:\/\/fundacioimpuls.org\/#\/schema\/person\/6e682846ec1b0d2b6b6fc35dde97d398"},"headline":"La Fundaci\u00f3n Impuls colabora con Les Alzines en la lucha contra el c\u00e1ncer Infantil","datePublished":"2022-04-05T15:23:02+00:00","dateModified":"2022-04-07T13:57:44+00:00","mainEntityOfPage":{"@id":"https:\/\/fundacioimpuls.org\/es\/la-fundacion-impuls-colabora-con-les-alzines-en-la-lucha-contra-el-cancer-infantil\/"},"wordCount":186,"commentCount":0,"publisher":{"@id":"https:\/\/fundacioimpuls.org\/#organization"},"articleSection":["COOPERACI\u00d3N"],"inLanguage":"es","potentialAction":[{"@type":"CommentAction","name":"Comment","target":["https:\/\/fundacioimpuls.org\/es\/la-fundacion-impuls-colabora-con-les-alzines-en-la-lucha-contra-el-cancer-infantil\/#respond"]}]},{"@type":"WebPage","@id":"https:\/\/fundacioimpuls.org\/es\/la-fundacion-impuls-colabora-con-les-alzines-en-la-lucha-contra-el-cancer-infantil\/","url":"https:\/\/fundacioimpuls.org\/es\/la-fundacion-impuls-colabora-con-les-alzines-en-la-lucha-contra-el-cancer-infantil\/","name":"La Fundaci\u00f3n Impuls colabora con Les Alzines en la lucha contra el c\u00e1ncer Infantil - Fundaci\u00f3 Impuls","isPartOf":{"@id":"https:\/\/fundacioimpuls.org\/#website"},"datePublished":"2022-04-05T15:23:02+00:00","dateModified":"2022-04-07T13:57:44+00:00","breadcrumb":{"@id":"https:\/\/fundacioimpuls.org\/es\/la-fundacion-impuls-colabora-con-les-alzines-en-la-lucha-contra-el-cancer-infantil\/#breadcrumb"},"inLanguage":"es","potentialAction":[{"@type":"ReadAction","target":["https:\/\/fundacioimpuls.org\/es\/la-fundacion-impuls-colabora-con-les-alzines-en-la-lucha-contra-el-cancer-infantil\/"]}]},{"@type":"BreadcrumbList","@id":"https:\/\/fundacioimpuls.org\/es\/la-fundacion-impuls-colabora-con-les-alzines-en-la-lucha-contra-el-cancer-infantil\/#breadcrumb","itemListElement":[{"@type":"ListItem","position":1,"name":"Inici","item":"https:\/\/fundacioimpuls.org\/es\/"},{"@type":"ListItem","position":2,"name":"La Fundaci\u00f3n Impuls colabora con Les Alzines en la lucha contra el c\u00e1ncer Infantil"}]},{"@type":"WebSite","@id":"https:\/\/fundacioimpuls.org\/#website","url":"https:\/\/fundacioimpuls.org\/","name":"Fundaci\u00f3 Impuls","description":"Impuls quiere contribuir a la mejora de la sociedad a trav\u00e9s de la investigaci\u00f3n en materia educativa, el reconocimiento al papel del profesorado y la cooperaci\u00f3n internacional con proyectos educativos en pa\u00edses en v\u00edas de desarrollo.","publisher":{"@id":"https:\/\/fundacioimpuls.org\/#organization"},"potentialAction":[{"@type":"SearchAction","target":{"@type":"EntryPoint","urlTemplate":"https:\/\/fundacioimpuls.org\/?s={search_term_string}"},"query-input":"required name=search_term_string"}],"inLanguage":"es"},{"@type":"Organization","@id":"https:\/\/fundacioimpuls.org\/#organization","name":"Fundaci\u00f3 Impuls","url":"https:\/\/fundacioimpuls.org\/","logo":{"@type":"ImageObject","inLanguage":"es","@id":"https:\/\/fundacioimpuls.org\/#\/schema\/logo\/image\/","url":"https:\/\/fundacioimpuls.org\/wp-content\/uploads\/2022\/05\/logo-impuls-1.jpg","contentUrl":"https:\/\/fundacioimpuls.org\/wp-content\/uploads\/2022\/05\/logo-impuls-1.jpg","width":2012,"height":780,"caption":"Fundaci\u00f3 Impuls"},"image":{"@id":"https:\/\/fundacioimpuls.org\/#\/schema\/logo\/image\/"}},{"@type":"Person","@id":"https:\/\/fundacioimpuls.org\/#\/schema\/person\/6e682846ec1b0d2b6b6fc35dde97d398","name":"Gemma Abadia","image":{"@type":"ImageObject","inLanguage":"es","@id":"https:\/\/fundacioimpuls.org\/#\/schema\/person\/image\/","url":"https:\/\/secure.gravatar.com\/avatar\/9d1fc191db8018e3fffc7c081a23a85d?s=96&d=mm&r=g","contentUrl":"https:\/\/secure.gravatar.com\/avatar\/9d1fc191db8018e3fffc7c081a23a85d?s=96&d=mm&r=g","caption":"Gemma Abadia"},"url":"https:\/\/fundacioimpuls.org\/es\/author\/gemma\/"}]}},"_links":{"self":[{"href":"https:\/\/fundacioimpuls.org\/es\/wp-json\/wp\/v2\/posts\/1659"}],"collection":[{"href":"https:\/\/fundacioimpuls.org\/es\/wp-json\/wp\/v2\/posts"}],"about":[{"href":"https:\/\/fundacioimpuls.org\/es\/wp-json\/wp\/v2\/types\/post"}],"author":[{"embeddable":true,"href":"https:\/\/fundacioimpuls.org\/es\/wp-json\/wp\/v2\/users\/4"}],"replies":[{"embeddable":true,"href":"https:\/\/fundacioimpuls.org\/es\/wp-json\/wp\/v2\/comments?post=1659"}],"version-history":[{"count":2,"href":"https:\/\/fundacioimpuls.org\/es\/wp-json\/wp\/v2\/posts\/1659\/revisions"}],"predecessor-version":[{"id":2132,"href":"https:\/\/fundacioimpuls.org\/es\/wp-json\/wp\/v2\/posts\/1659\/revisions\/2132"}],"wp:featuredmedia":[{"embeddable":true,"href":"https:\/\/fundacioimpuls.org\/es\/wp-json\/wp\/v2\/media\/1399"}],"wp:attachment":[{"href":"https:\/\/fundacioimpuls.org\/es\/wp-json\/wp\/v2\/media?parent=1659"}],"wp:term":[{"taxonomy":"category","embeddable":true,"href":"https:\/\/fundacioimpuls.org\/es\/wp-json\/wp\/v2\/categories?post=1659"},{"taxonomy":"post_tag","embeddable":true,"href":"https:\/\/fundacioimpuls.org\/es\/wp-json\/wp\/v2\/tags?post=1659"}],"curies":[{"name":"wp","href":"https:\/\/api.w.org\/{rel}","templated":true}]}}