{"id":2344,"date":"2022-04-27T17:18:59","date_gmt":"2022-04-27T16:18:59","guid":{"rendered":"https:\/\/fundacioimpuls.org\/la-fundacion-impuls-estrena-nueva-imagen-corporativa\/"},"modified":"2022-05-12T16:53:48","modified_gmt":"2022-05-12T15:53:48","slug":"la-fundacion-impuls-estrena-nueva-imagen-corporativa","status":"publish","type":"post","link":"https:\/\/fundacioimpuls.org\/es\/la-fundacion-impuls-estrena-nueva-imagen-corporativa\/","title":{"rendered":"La Fundaci\u00f3n Impuls estrena nueva imagen corporativa"},"content":{"rendered":"\n<p>Con motivo del lanzamiento de la nueva imagen corporativa, la Fundaci\u00f3n Impuls estrena nueva p\u00e1gina web<\/p>\n\n<p>Impuls, despu\u00e9s de<strong> 15 a\u00f1os de trayectoria<\/strong> comprometidos con el sector educativo, se adapta a los nuevos tiempos y refleja esta evoluci\u00f3n y modernizaci\u00f3n con una nueva imagen corporativa.<\/p>\n\n<p><strong>El nuevo logotipo<\/strong> expresa movimiento y acci\u00f3n, a la vez que mantiene los valores propios de la entidad. El cambio de logotipo tambi\u00e9n comporta una serie de <strong>transformaciones a nivel gr\u00e1fico y de comunicaci\u00f3n<\/strong>. La m\u00e1s visible es la <strong>p\u00e1gina web<\/strong>, que ofrece una nueva estructura de contenidos, m\u00e1s din\u00e1mica y moderna, y con colores actuales que permiten un dise\u00f1o m\u00e1s atractivo y visual. Esta web nace con la intenci\u00f3n de estar m\u00e1s cerca vuestro, facilitar vuestra participaci\u00f3n y que no os perd\u00e1is detalle de\u00a0 lo que hacemos en la Fundaci\u00f3n.&#13;\n&#13;\nLas principales novedades que podr\u00e9is ver en la p\u00e1gina web son:<\/p>\n\n<ul><li><strong>TRANSPARENCIA Y PROXIMIDAD<\/strong><\/li><\/ul>\n<p>Es tiempo de transparencia, claridad y cooperaci\u00f3n y consideramos fundamental establecer mecanismos que permitan flujos estables y fluidos de comunicaci\u00f3n con vosotros. Encontrar\u00e9is toda la informaci\u00f3n m\u00e1s relevante de la Fundaci\u00f3n Impuls y de las actividades en las que participamos.<\/p>\n\n<ul><li><strong>ACCIONES SOLIDARIAS<\/strong><\/li><\/ul>\n<p>\u00daltimas publicaciones sobre qu\u00e9 estamos realizando, con qui\u00e9nes colaboramos y d\u00f3nde desarrolla la Fundaci\u00f3n impuls las diversas acciones solidarias en las cuales participa a\u00f1o tras a\u00f1o.<\/p>\n\n<ul><li><strong>CONTENIDO SOCIAL<\/strong><\/li><\/ul>\n<p>Twitter, Instagram, Facebook&#8230; toda una serie de redes que se integran en la web para poder comunicarnos con vosotros all\u00ed donde est\u00e9is.<\/p>\n\n<p><\/p>\n\n<h3 class=\"wp-block-heading\"><h3>15 a\u00f1os comprometidos con la educaci\u00f3n<\/h3><\/h3>\n\n<p>Fundada en 2005, la Fundaci\u00f3n Impuls es una entidad sin \u00e1nimo de lucro de \u00e1mbito internacional que tiene como objetivo mejorar la calidad educativa.<\/p>\n\n<p>Su misi\u00f3n es garantizar la libertad de educaci\u00f3n y entre sus objetivos: facilitar el acceso en la escuela de iniciativa social a todas aquellas personas que atraviesan alguna dificultad social o econ\u00f3mica. Contribuir al reconocimiento social del profesorado. Apoyar a proyectos educativos que prioricen la personalizaci\u00f3n educativa, la implicaci\u00f3n de la familia y la educaci\u00f3n integral, inspirada en los valores propios del humanismo cristiano.<\/p>\n\n<p>Para lograrlo, lleva a cabo una tarea de intermediaci\u00f3n, fidelizaci\u00f3n y de trabajo en red con escuelas, empresas y otras entidades involucradas en alguno de sus tres ejes de actuaci\u00f3n: <a href=\"https:\/\/fundacioimpuls.org\/es\/calidad-educativa\/\">calidad educativa<\/a>, <a href=\"https:\/\/fundacioimpuls.org\/es\/apoyo-al-profesorado\/\">apoyo al profesorado<\/a> y <a href=\"https:\/\/fundacioimpuls.org\/es\/cooperacion\/\">cooperaci\u00f3n y solidaridad<\/a>.<\/p>\n\n<p><\/p>\n\n<h3 class=\"wp-block-heading\"><h3>Mirando hacia el futuro<\/h3><\/h3>\n\n<p>La nueva identidad est\u00e1 ligada a una etapa en la cual continuaremos dando respuesta a los nuevos retos que plantea la sociedad innovando en la forma con que miramos y atendemos a las personas, poniendo en valor su potencial, su capacidad de superaci\u00f3n y su diversidad.&#13;\n&#13;\nCon una mirada en el presente y en el futuro, continuaremos trabajando con ilusi\u00f3n y constancia nuestros objetivos. Os animamos a acompa\u00f1arnos en un camino que iremos construyendo entre todas y todos. <strong>\u00a1La mejor inversi\u00f3n que podemos hacer es dar una buena educaci\u00f3n a las futuras generaciones!<\/strong><\/p>\n\n<p>\u00bfQuieres ayudarnos a construir un futuro mejor? <\/p>\n","protected":false},"excerpt":{"rendered":"<p>Con motivo del lanzamiento de la nueva imagen corporativa, la Fundaci\u00f3n Impuls estrena nueva p\u00e1gina web Impuls, despu\u00e9s de 15 a\u00f1os de trayectoria comprometidos con el sector educativo, se adapta a los nuevos tiempos y refleja esta evoluci\u00f3n y modernizaci\u00f3n con una nueva imagen corporativa. El nuevo logotipo expresa movimiento y acci\u00f3n, a la vez [&hellip;]<\/p>\n","protected":false},"author":4,"featured_media":2337,"comment_status":"open","ping_status":"open","sticky":false,"template":"","format":"standard","meta":[],"categories":[19],"tags":[],"yoast_head":"<!-- This site is optimized with the Yoast SEO plugin v20.9 - https:\/\/yoast.com\/wordpress\/plugins\/seo\/ -->\n<title>La Fundaci\u00f3n Impuls estrena nueva imagen corporativa - Fundaci\u00f3 Impuls<\/title>\n<meta name=\"robots\" content=\"index, follow, max-snippet:-1, max-image-preview:large, max-video-preview:-1\" \/>\n<link rel=\"canonical\" href=\"https:\/\/fundacioimpuls.org\/es\/la-fundacion-impuls-estrena-nueva-imagen-corporativa\/\" \/>\n<meta property=\"og:locale\" content=\"es_ES\" \/>\n<meta property=\"og:type\" content=\"article\" \/>\n<meta property=\"og:title\" content=\"La Fundaci\u00f3n Impuls estrena nueva imagen corporativa - Fundaci\u00f3 Impuls\" \/>\n<meta property=\"og:description\" content=\"Con motivo del lanzamiento de la nueva imagen corporativa, la Fundaci\u00f3n Impuls estrena nueva p\u00e1gina web Impuls, despu\u00e9s de 15 a\u00f1os de trayectoria comprometidos con el sector educativo, se adapta a los nuevos tiempos y refleja esta evoluci\u00f3n y modernizaci\u00f3n con una nueva imagen corporativa. El nuevo logotipo expresa movimiento y acci\u00f3n, a la vez [&hellip;]\" \/>\n<meta property=\"og:url\" content=\"https:\/\/fundacioimpuls.org\/es\/la-fundacion-impuls-estrena-nueva-imagen-corporativa\/\" \/>\n<meta property=\"og:site_name\" content=\"Fundaci\u00f3 Impuls\" \/>\n<meta property=\"article:published_time\" content=\"2022-04-27T16:18:59+00:00\" \/>\n<meta property=\"article:modified_time\" content=\"2022-05-12T15:53:48+00:00\" \/>\n<meta property=\"og:image\" content=\"https:\/\/fundacioimpuls.org\/wp-content\/uploads\/2022\/04\/impuls-nova-imatge.jpg\" \/>\n\t<meta property=\"og:image:width\" content=\"1400\" \/>\n\t<meta property=\"og:image:height\" content=\"1000\" \/>\n\t<meta property=\"og:image:type\" content=\"image\/jpeg\" \/>\n<meta name=\"author\" content=\"Gemma Abadia\" \/>\n<meta name=\"twitter:card\" content=\"summary_large_image\" \/>\n<meta name=\"twitter:label1\" content=\"Escrito por\" \/>\n\t<meta name=\"twitter:data1\" content=\"Gemma Abadia\" \/>\n\t<meta name=\"twitter:label2\" content=\"Tiempo de lectura\" \/>\n\t<meta name=\"twitter:data2\" content=\"3 minutos\" \/>\n<script type=\"application\/ld+json\" class=\"yoast-schema-graph\">{\"@context\":\"https:\/\/schema.org\",\"@graph\":[{\"@type\":\"Article\",\"@id\":\"https:\/\/fundacioimpuls.org\/es\/la-fundacion-impuls-estrena-nueva-imagen-corporativa\/#article\",\"isPartOf\":{\"@id\":\"https:\/\/fundacioimpuls.org\/es\/la-fundacion-impuls-estrena-nueva-imagen-corporativa\/\"},\"author\":{\"name\":\"Gemma Abadia\",\"@id\":\"https:\/\/fundacioimpuls.org\/#\/schema\/person\/6e682846ec1b0d2b6b6fc35dde97d398\"},\"headline\":\"La Fundaci\u00f3n Impuls estrena nueva imagen corporativa\",\"datePublished\":\"2022-04-27T16:18:59+00:00\",\"dateModified\":\"2022-05-12T15:53:48+00:00\",\"mainEntityOfPage\":{\"@id\":\"https:\/\/fundacioimpuls.org\/es\/la-fundacion-impuls-estrena-nueva-imagen-corporativa\/\"},\"wordCount\":537,\"commentCount\":0,\"publisher\":{\"@id\":\"https:\/\/fundacioimpuls.org\/#organization\"},\"articleSection\":[\"IMPULS\"],\"inLanguage\":\"es\",\"potentialAction\":[{\"@type\":\"CommentAction\",\"name\":\"Comment\",\"target\":[\"https:\/\/fundacioimpuls.org\/es\/la-fundacion-impuls-estrena-nueva-imagen-corporativa\/#respond\"]}]},{\"@type\":\"WebPage\",\"@id\":\"https:\/\/fundacioimpuls.org\/es\/la-fundacion-impuls-estrena-nueva-imagen-corporativa\/\",\"url\":\"https:\/\/fundacioimpuls.org\/es\/la-fundacion-impuls-estrena-nueva-imagen-corporativa\/\",\"name\":\"La Fundaci\u00f3n Impuls estrena nueva imagen corporativa - Fundaci\u00f3 Impuls\",\"isPartOf\":{\"@id\":\"https:\/\/fundacioimpuls.org\/#website\"},\"datePublished\":\"2022-04-27T16:18:59+00:00\",\"dateModified\":\"2022-05-12T15:53:48+00:00\",\"breadcrumb\":{\"@id\":\"https:\/\/fundacioimpuls.org\/es\/la-fundacion-impuls-estrena-nueva-imagen-corporativa\/#breadcrumb\"},\"inLanguage\":\"es\",\"potentialAction\":[{\"@type\":\"ReadAction\",\"target\":[\"https:\/\/fundacioimpuls.org\/es\/la-fundacion-impuls-estrena-nueva-imagen-corporativa\/\"]}]},{\"@type\":\"BreadcrumbList\",\"@id\":\"https:\/\/fundacioimpuls.org\/es\/la-fundacion-impuls-estrena-nueva-imagen-corporativa\/#breadcrumb\",\"itemListElement\":[{\"@type\":\"ListItem\",\"position\":1,\"name\":\"Inici\",\"item\":\"https:\/\/fundacioimpuls.org\/es\/\"},{\"@type\":\"ListItem\",\"position\":2,\"name\":\"La Fundaci\u00f3n Impuls estrena nueva imagen corporativa\"}]},{\"@type\":\"WebSite\",\"@id\":\"https:\/\/fundacioimpuls.org\/#website\",\"url\":\"https:\/\/fundacioimpuls.org\/\",\"name\":\"Fundaci\u00f3 Impuls\",\"description\":\"Impuls quiere contribuir a la mejora de la sociedad a trav\u00e9s de la investigaci\u00f3n en materia educativa, el reconocimiento al papel del profesorado y la cooperaci\u00f3n internacional con proyectos educativos en pa\u00edses en v\u00edas de desarrollo.\",\"publisher\":{\"@id\":\"https:\/\/fundacioimpuls.org\/#organization\"},\"potentialAction\":[{\"@type\":\"SearchAction\",\"target\":{\"@type\":\"EntryPoint\",\"urlTemplate\":\"https:\/\/fundacioimpuls.org\/?s={search_term_string}\"},\"query-input\":\"required name=search_term_string\"}],\"inLanguage\":\"es\"},{\"@type\":\"Organization\",\"@id\":\"https:\/\/fundacioimpuls.org\/#organization\",\"name\":\"Fundaci\u00f3 Impuls\",\"url\":\"https:\/\/fundacioimpuls.org\/\",\"logo\":{\"@type\":\"ImageObject\",\"inLanguage\":\"es\",\"@id\":\"https:\/\/fundacioimpuls.org\/#\/schema\/logo\/image\/\",\"url\":\"https:\/\/fundacioimpuls.org\/wp-content\/uploads\/2022\/05\/logo-impuls-1.jpg\",\"contentUrl\":\"https:\/\/fundacioimpuls.org\/wp-content\/uploads\/2022\/05\/logo-impuls-1.jpg\",\"width\":2012,\"height\":780,\"caption\":\"Fundaci\u00f3 Impuls\"},\"image\":{\"@id\":\"https:\/\/fundacioimpuls.org\/#\/schema\/logo\/image\/\"}},{\"@type\":\"Person\",\"@id\":\"https:\/\/fundacioimpuls.org\/#\/schema\/person\/6e682846ec1b0d2b6b6fc35dde97d398\",\"name\":\"Gemma Abadia\",\"image\":{\"@type\":\"ImageObject\",\"inLanguage\":\"es\",\"@id\":\"https:\/\/fundacioimpuls.org\/#\/schema\/person\/image\/\",\"url\":\"https:\/\/secure.gravatar.com\/avatar\/9d1fc191db8018e3fffc7c081a23a85d?s=96&d=mm&r=g\",\"contentUrl\":\"https:\/\/secure.gravatar.com\/avatar\/9d1fc191db8018e3fffc7c081a23a85d?s=96&d=mm&r=g\",\"caption\":\"Gemma Abadia\"},\"url\":\"https:\/\/fundacioimpuls.org\/es\/author\/gemma\/\"}]}<\/script>\n<!-- \/ Yoast SEO plugin. -->","yoast_head_json":{"title":"La Fundaci\u00f3n Impuls estrena nueva imagen corporativa - Fundaci\u00f3 Impuls","robots":{"index":"index","follow":"follow","max-snippet":"max-snippet:-1","max-image-preview":"max-image-preview:large","max-video-preview":"max-video-preview:-1"},"canonical":"https:\/\/fundacioimpuls.org\/es\/la-fundacion-impuls-estrena-nueva-imagen-corporativa\/","og_locale":"es_ES","og_type":"article","og_title":"La Fundaci\u00f3n Impuls estrena nueva imagen corporativa - Fundaci\u00f3 Impuls","og_description":"Con motivo del lanzamiento de la nueva imagen corporativa, la Fundaci\u00f3n Impuls estrena nueva p\u00e1gina web Impuls, despu\u00e9s de 15 a\u00f1os de trayectoria comprometidos con el sector educativo, se adapta a los nuevos tiempos y refleja esta evoluci\u00f3n y modernizaci\u00f3n con una nueva imagen corporativa. El nuevo logotipo expresa movimiento y acci\u00f3n, a la vez [&hellip;]","og_url":"https:\/\/fundacioimpuls.org\/es\/la-fundacion-impuls-estrena-nueva-imagen-corporativa\/","og_site_name":"Fundaci\u00f3 Impuls","article_published_time":"2022-04-27T16:18:59+00:00","article_modified_time":"2022-05-12T15:53:48+00:00","og_image":[{"width":1400,"height":1000,"url":"https:\/\/fundacioimpuls.org\/wp-content\/uploads\/2022\/04\/impuls-nova-imatge.jpg","type":"image\/jpeg"}],"author":"Gemma Abadia","twitter_card":"summary_large_image","twitter_misc":{"Escrito por":"Gemma Abadia","Tiempo de lectura":"3 minutos"},"schema":{"@context":"https:\/\/schema.org","@graph":[{"@type":"Article","@id":"https:\/\/fundacioimpuls.org\/es\/la-fundacion-impuls-estrena-nueva-imagen-corporativa\/#article","isPartOf":{"@id":"https:\/\/fundacioimpuls.org\/es\/la-fundacion-impuls-estrena-nueva-imagen-corporativa\/"},"author":{"name":"Gemma Abadia","@id":"https:\/\/fundacioimpuls.org\/#\/schema\/person\/6e682846ec1b0d2b6b6fc35dde97d398"},"headline":"La Fundaci\u00f3n Impuls estrena nueva imagen corporativa","datePublished":"2022-04-27T16:18:59+00:00","dateModified":"2022-05-12T15:53:48+00:00","mainEntityOfPage":{"@id":"https:\/\/fundacioimpuls.org\/es\/la-fundacion-impuls-estrena-nueva-imagen-corporativa\/"},"wordCount":537,"commentCount":0,"publisher":{"@id":"https:\/\/fundacioimpuls.org\/#organization"},"articleSection":["IMPULS"],"inLanguage":"es","potentialAction":[{"@type":"CommentAction","name":"Comment","target":["https:\/\/fundacioimpuls.org\/es\/la-fundacion-impuls-estrena-nueva-imagen-corporativa\/#respond"]}]},{"@type":"WebPage","@id":"https:\/\/fundacioimpuls.org\/es\/la-fundacion-impuls-estrena-nueva-imagen-corporativa\/","url":"https:\/\/fundacioimpuls.org\/es\/la-fundacion-impuls-estrena-nueva-imagen-corporativa\/","name":"La Fundaci\u00f3n Impuls estrena nueva imagen corporativa - Fundaci\u00f3 Impuls","isPartOf":{"@id":"https:\/\/fundacioimpuls.org\/#website"},"datePublished":"2022-04-27T16:18:59+00:00","dateModified":"2022-05-12T15:53:48+00:00","breadcrumb":{"@id":"https:\/\/fundacioimpuls.org\/es\/la-fundacion-impuls-estrena-nueva-imagen-corporativa\/#breadcrumb"},"inLanguage":"es","potentialAction":[{"@type":"ReadAction","target":["https:\/\/fundacioimpuls.org\/es\/la-fundacion-impuls-estrena-nueva-imagen-corporativa\/"]}]},{"@type":"BreadcrumbList","@id":"https:\/\/fundacioimpuls.org\/es\/la-fundacion-impuls-estrena-nueva-imagen-corporativa\/#breadcrumb","itemListElement":[{"@type":"ListItem","position":1,"name":"Inici","item":"https:\/\/fundacioimpuls.org\/es\/"},{"@type":"ListItem","position":2,"name":"La Fundaci\u00f3n Impuls estrena nueva imagen corporativa"}]},{"@type":"WebSite","@id":"https:\/\/fundacioimpuls.org\/#website","url":"https:\/\/fundacioimpuls.org\/","name":"Fundaci\u00f3 Impuls","description":"Impuls quiere contribuir a la mejora de la sociedad a trav\u00e9s de la investigaci\u00f3n en materia educativa, el reconocimiento al papel del profesorado y la cooperaci\u00f3n internacional con proyectos educativos en pa\u00edses en v\u00edas de desarrollo.","publisher":{"@id":"https:\/\/fundacioimpuls.org\/#organization"},"potentialAction":[{"@type":"SearchAction","target":{"@type":"EntryPoint","urlTemplate":"https:\/\/fundacioimpuls.org\/?s={search_term_string}"},"query-input":"required name=search_term_string"}],"inLanguage":"es"},{"@type":"Organization","@id":"https:\/\/fundacioimpuls.org\/#organization","name":"Fundaci\u00f3 Impuls","url":"https:\/\/fundacioimpuls.org\/","logo":{"@type":"ImageObject","inLanguage":"es","@id":"https:\/\/fundacioimpuls.org\/#\/schema\/logo\/image\/","url":"https:\/\/fundacioimpuls.org\/wp-content\/uploads\/2022\/05\/logo-impuls-1.jpg","contentUrl":"https:\/\/fundacioimpuls.org\/wp-content\/uploads\/2022\/05\/logo-impuls-1.jpg","width":2012,"height":780,"caption":"Fundaci\u00f3 Impuls"},"image":{"@id":"https:\/\/fundacioimpuls.org\/#\/schema\/logo\/image\/"}},{"@type":"Person","@id":"https:\/\/fundacioimpuls.org\/#\/schema\/person\/6e682846ec1b0d2b6b6fc35dde97d398","name":"Gemma Abadia","image":{"@type":"ImageObject","inLanguage":"es","@id":"https:\/\/fundacioimpuls.org\/#\/schema\/person\/image\/","url":"https:\/\/secure.gravatar.com\/avatar\/9d1fc191db8018e3fffc7c081a23a85d?s=96&d=mm&r=g","contentUrl":"https:\/\/secure.gravatar.com\/avatar\/9d1fc191db8018e3fffc7c081a23a85d?s=96&d=mm&r=g","caption":"Gemma Abadia"},"url":"https:\/\/fundacioimpuls.org\/es\/author\/gemma\/"}]}},"_links":{"self":[{"href":"https:\/\/fundacioimpuls.org\/es\/wp-json\/wp\/v2\/posts\/2344"}],"collection":[{"href":"https:\/\/fundacioimpuls.org\/es\/wp-json\/wp\/v2\/posts"}],"about":[{"href":"https:\/\/fundacioimpuls.org\/es\/wp-json\/wp\/v2\/types\/post"}],"author":[{"embeddable":true,"href":"https:\/\/fundacioimpuls.org\/es\/wp-json\/wp\/v2\/users\/4"}],"replies":[{"embeddable":true,"href":"https:\/\/fundacioimpuls.org\/es\/wp-json\/wp\/v2\/comments?post=2344"}],"version-history":[{"count":7,"href":"https:\/\/fundacioimpuls.org\/es\/wp-json\/wp\/v2\/posts\/2344\/revisions"}],"predecessor-version":[{"id":2439,"href":"https:\/\/fundacioimpuls.org\/es\/wp-json\/wp\/v2\/posts\/2344\/revisions\/2439"}],"wp:featuredmedia":[{"embeddable":true,"href":"https:\/\/fundacioimpuls.org\/es\/wp-json\/wp\/v2\/media\/2337"}],"wp:attachment":[{"href":"https:\/\/fundacioimpuls.org\/es\/wp-json\/wp\/v2\/media?parent=2344"}],"wp:term":[{"taxonomy":"category","embeddable":true,"href":"https:\/\/fundacioimpuls.org\/es\/wp-json\/wp\/v2\/categories?post=2344"},{"taxonomy":"post_tag","embeddable":true,"href":"https:\/\/fundacioimpuls.org\/es\/wp-json\/wp\/v2\/tags?post=2344"}],"curies":[{"name":"wp","href":"https:\/\/api.w.org\/{rel}","templated":true}]}}