{"id":2528,"date":"2023-02-22T12:44:54","date_gmt":"2023-02-22T11:44:54","guid":{"rendered":"https:\/\/fundacioimpuls.org\/?p=2528"},"modified":"2023-06-13T10:01:57","modified_gmt":"2023-06-13T09:01:57","slug":"imupls-colabora-con-el-hogar-de-maria","status":"publish","type":"post","link":"https:\/\/fundacioimpuls.org\/es\/imupls-colabora-con-el-hogar-de-maria\/","title":{"rendered":"La Fundaci\u00f3n Impuls colabora con la Asociaci\u00f3n Hogar de Mar\u00eda, que atiende a m\u00e1s de 300 mujeres"},"content":{"rendered":"\n<p>Una de las l\u00edneas de actuaci\u00f3n de la <strong>Fundaci\u00f3n Impuls<\/strong> es colaborar con entidades que ofrecen apoyo a personas en situaci\u00f3n de vulnerabilidad. Un compromiso compartido con la <a href=\"https:\/\/hogardemaria.org\/\">Asociaci\u00f3n Hogar de Mar\u00eda<\/a>, que <strong>atiende a 320 mujeres<\/strong> que sufren dificultades sociales, econ\u00f3micas y familiares. Desde que se fund\u00f3 en el a\u00f1o 2014, ha acompa\u00f1ado a m\u00e1s de mil familias.<\/p>\n\n\n\n<p>Con un <strong>donativo de 1000 euros<\/strong>, la Fundaci\u00f3n Impuls colabora con la misi\u00f3n de las 16 sedes de la Asociaci\u00f3n Hogar de Mar\u00eda, y hace posible el apoyo personal y profesional que ofrece a las mujeres atendidas. Mujeres embarazadas a las que acompa\u00f1a para que puedan decir S\u00cd a la vida, que no lo hagan solas y que reciban la ayuda necesaria para conseguir su propia autonom\u00eda. En este camino, Hogar de Mar\u00eda les ofrece apoyo material, humano y espiritual.<\/p>\n\n\n\n<p>En el \u00e1mbito personal, les garantiza un acompa\u00f1amiento individual. Pone a su disposici\u00f3n abogados, trabajadores sociales, psic\u00f3logos o ginec\u00f3logos; tambi\u00e9n les sirve de enlace con un sacerdote, en caso de que quieran recibir orientaci\u00f3n y seguimiento espiritual.<\/p>\n\n\n\n<p>En el \u00e1mbito profesional, se les proponen formaciones, talleres, orientaci\u00f3n laboral y bolsa de trabajo.<\/p>\n\n\n\n<p>Y en el \u00e1mbito material, les facilitan productos de higiene, limpieza y todo lo que necesitan sus beb\u00e9s: pa\u00f1ales, ropa, leche en polvo, canastilla, carrito, etc.<\/p>\n\n\n\n<p>Con este donativo de 1000 euros, la Fundaci\u00f3n Impuls ofrece su apoyo a la Asociaci\u00f3n Hogar de Mar\u00eda y a las 320 mujeres a las que atiende actualmente. &nbsp;<\/p>\n","protected":false},"excerpt":{"rendered":"<p>Una de las l\u00edneas de actuaci\u00f3n de la Fundaci\u00f3n Impuls es colaborar con entidades que ofrecen apoyo a personas en situaci\u00f3n de vulnerabilidad. Un compromiso compartido con la Asociaci\u00f3n Hogar de Mar\u00eda, que atiende a 320 mujeres que sufren dificultades sociales, econ\u00f3micas y familiares. Desde que se fund\u00f3 en el a\u00f1o 2014, ha acompa\u00f1ado a [&hellip;]<\/p>\n","protected":false},"author":7,"featured_media":2526,"comment_status":"open","ping_status":"open","sticky":false,"template":"","format":"standard","meta":[],"categories":[21],"tags":[],"yoast_head":"<!-- This site is optimized with the Yoast SEO plugin v20.9 - https:\/\/yoast.com\/wordpress\/plugins\/seo\/ -->\n<title>La Fundaci\u00f3n Impuls colabora con la Asociaci\u00f3n Hogar de Mar\u00eda, que atiende a m\u00e1s de 300 mujeres - Fundaci\u00f3 Impuls<\/title>\n<meta name=\"description\" content=\"Con un donativo de 1000\u20ac, la Fundaci\u00f3n Impuls ofrece su apoyo al Hogar de Mar\u00eda y a las 320 mujeres a las que atiende actualmente\" \/>\n<meta name=\"robots\" content=\"index, follow, max-snippet:-1, max-image-preview:large, max-video-preview:-1\" \/>\n<link rel=\"canonical\" href=\"https:\/\/fundacioimpuls.org\/es\/imupls-colabora-con-el-hogar-de-maria\/\" \/>\n<meta property=\"og:locale\" content=\"es_ES\" \/>\n<meta property=\"og:type\" content=\"article\" \/>\n<meta property=\"og:title\" content=\"La Fundaci\u00f3n Impuls colabora con la Asociaci\u00f3n Hogar de Mar\u00eda, que atiende a m\u00e1s de 300 mujeres - Fundaci\u00f3 Impuls\" \/>\n<meta property=\"og:description\" content=\"Con un donativo de 1000\u20ac, la Fundaci\u00f3n Impuls ofrece su apoyo al Hogar de Mar\u00eda y a las 320 mujeres a las que atiende actualmente\" \/>\n<meta property=\"og:url\" content=\"https:\/\/fundacioimpuls.org\/es\/imupls-colabora-con-el-hogar-de-maria\/\" \/>\n<meta property=\"og:site_name\" content=\"Fundaci\u00f3 Impuls\" \/>\n<meta property=\"article:published_time\" content=\"2023-02-22T11:44:54+00:00\" \/>\n<meta property=\"article:modified_time\" content=\"2023-06-13T09:01:57+00:00\" \/>\n<meta property=\"og:image\" content=\"https:\/\/fundacioimpuls.org\/wp-content\/uploads\/2023\/02\/embarazo-800x500-1.jpg\" \/>\n\t<meta property=\"og:image:width\" content=\"800\" \/>\n\t<meta property=\"og:image:height\" content=\"500\" \/>\n\t<meta property=\"og:image:type\" content=\"image\/jpeg\" \/>\n<meta name=\"author\" content=\"B\u00e0rbara Sed\u00f3\" \/>\n<meta name=\"twitter:card\" content=\"summary_large_image\" \/>\n<meta name=\"twitter:label1\" content=\"Escrito por\" \/>\n\t<meta name=\"twitter:data1\" content=\"B\u00e0rbara Sed\u00f3\" \/>\n\t<meta name=\"twitter:label2\" content=\"Tiempo de lectura\" \/>\n\t<meta name=\"twitter:data2\" content=\"2 minutos\" \/>\n<script type=\"application\/ld+json\" class=\"yoast-schema-graph\">{\"@context\":\"https:\/\/schema.org\",\"@graph\":[{\"@type\":\"Article\",\"@id\":\"https:\/\/fundacioimpuls.org\/es\/imupls-colabora-con-el-hogar-de-maria\/#article\",\"isPartOf\":{\"@id\":\"https:\/\/fundacioimpuls.org\/es\/imupls-colabora-con-el-hogar-de-maria\/\"},\"author\":{\"name\":\"B\u00e0rbara Sed\u00f3\",\"@id\":\"https:\/\/fundacioimpuls.org\/#\/schema\/person\/4bc2c7853b5a0922785c9900143ac7dc\"},\"headline\":\"La Fundaci\u00f3n Impuls colabora con la Asociaci\u00f3n Hogar de Mar\u00eda, que atiende a m\u00e1s de 300 mujeres\",\"datePublished\":\"2023-02-22T11:44:54+00:00\",\"dateModified\":\"2023-06-13T09:01:57+00:00\",\"mainEntityOfPage\":{\"@id\":\"https:\/\/fundacioimpuls.org\/es\/imupls-colabora-con-el-hogar-de-maria\/\"},\"wordCount\":289,\"commentCount\":0,\"publisher\":{\"@id\":\"https:\/\/fundacioimpuls.org\/#organization\"},\"articleSection\":[\"COOPERACI\u00d3N\"],\"inLanguage\":\"es\",\"potentialAction\":[{\"@type\":\"CommentAction\",\"name\":\"Comment\",\"target\":[\"https:\/\/fundacioimpuls.org\/es\/imupls-colabora-con-el-hogar-de-maria\/#respond\"]}]},{\"@type\":\"WebPage\",\"@id\":\"https:\/\/fundacioimpuls.org\/es\/imupls-colabora-con-el-hogar-de-maria\/\",\"url\":\"https:\/\/fundacioimpuls.org\/es\/imupls-colabora-con-el-hogar-de-maria\/\",\"name\":\"La Fundaci\u00f3n Impuls colabora con la Asociaci\u00f3n Hogar de Mar\u00eda, que atiende a m\u00e1s de 300 mujeres - Fundaci\u00f3 Impuls\",\"isPartOf\":{\"@id\":\"https:\/\/fundacioimpuls.org\/#website\"},\"datePublished\":\"2023-02-22T11:44:54+00:00\",\"dateModified\":\"2023-06-13T09:01:57+00:00\",\"description\":\"Con un donativo de 1000\u20ac, la Fundaci\u00f3n Impuls ofrece su apoyo al Hogar de Mar\u00eda y a las 320 mujeres a las que atiende actualmente\",\"breadcrumb\":{\"@id\":\"https:\/\/fundacioimpuls.org\/es\/imupls-colabora-con-el-hogar-de-maria\/#breadcrumb\"},\"inLanguage\":\"es\",\"potentialAction\":[{\"@type\":\"ReadAction\",\"target\":[\"https:\/\/fundacioimpuls.org\/es\/imupls-colabora-con-el-hogar-de-maria\/\"]}]},{\"@type\":\"BreadcrumbList\",\"@id\":\"https:\/\/fundacioimpuls.org\/es\/imupls-colabora-con-el-hogar-de-maria\/#breadcrumb\",\"itemListElement\":[{\"@type\":\"ListItem\",\"position\":1,\"name\":\"Inici\",\"item\":\"https:\/\/fundacioimpuls.org\/es\/\"},{\"@type\":\"ListItem\",\"position\":2,\"name\":\"La Fundaci\u00f3n Impuls colabora con la Asociaci\u00f3n Hogar de Mar\u00eda, que atiende a m\u00e1s de 300 mujeres\"}]},{\"@type\":\"WebSite\",\"@id\":\"https:\/\/fundacioimpuls.org\/#website\",\"url\":\"https:\/\/fundacioimpuls.org\/\",\"name\":\"Fundaci\u00f3 Impuls\",\"description\":\"Impuls quiere contribuir a la mejora de la sociedad a trav\u00e9s de la investigaci\u00f3n en materia educativa, el reconocimiento al papel del profesorado y la cooperaci\u00f3n internacional con proyectos educativos en pa\u00edses en v\u00edas de desarrollo.\",\"publisher\":{\"@id\":\"https:\/\/fundacioimpuls.org\/#organization\"},\"potentialAction\":[{\"@type\":\"SearchAction\",\"target\":{\"@type\":\"EntryPoint\",\"urlTemplate\":\"https:\/\/fundacioimpuls.org\/?s={search_term_string}\"},\"query-input\":\"required name=search_term_string\"}],\"inLanguage\":\"es\"},{\"@type\":\"Organization\",\"@id\":\"https:\/\/fundacioimpuls.org\/#organization\",\"name\":\"Fundaci\u00f3 Impuls\",\"url\":\"https:\/\/fundacioimpuls.org\/\",\"logo\":{\"@type\":\"ImageObject\",\"inLanguage\":\"es\",\"@id\":\"https:\/\/fundacioimpuls.org\/#\/schema\/logo\/image\/\",\"url\":\"https:\/\/fundacioimpuls.org\/wp-content\/uploads\/2022\/05\/logo-impuls-1.jpg\",\"contentUrl\":\"https:\/\/fundacioimpuls.org\/wp-content\/uploads\/2022\/05\/logo-impuls-1.jpg\",\"width\":2012,\"height\":780,\"caption\":\"Fundaci\u00f3 Impuls\"},\"image\":{\"@id\":\"https:\/\/fundacioimpuls.org\/#\/schema\/logo\/image\/\"}},{\"@type\":\"Person\",\"@id\":\"https:\/\/fundacioimpuls.org\/#\/schema\/person\/4bc2c7853b5a0922785c9900143ac7dc\",\"name\":\"B\u00e0rbara Sed\u00f3\",\"image\":{\"@type\":\"ImageObject\",\"inLanguage\":\"es\",\"@id\":\"https:\/\/fundacioimpuls.org\/#\/schema\/person\/image\/\",\"url\":\"https:\/\/secure.gravatar.com\/avatar\/d3cebf93f2248b62256e490eaae2ec38?s=96&d=mm&r=g\",\"contentUrl\":\"https:\/\/secure.gravatar.com\/avatar\/d3cebf93f2248b62256e490eaae2ec38?s=96&d=mm&r=g\",\"caption\":\"B\u00e0rbara Sed\u00f3\"},\"url\":\"https:\/\/fundacioimpuls.org\/es\/author\/comunicacio-b\/\"}]}<\/script>\n<!-- \/ Yoast SEO plugin. -->","yoast_head_json":{"title":"La Fundaci\u00f3n Impuls colabora con la Asociaci\u00f3n Hogar de Mar\u00eda, que atiende a m\u00e1s de 300 mujeres - Fundaci\u00f3 Impuls","description":"Con un donativo de 1000\u20ac, la Fundaci\u00f3n Impuls ofrece su apoyo al Hogar de Mar\u00eda y a las 320 mujeres a las que atiende actualmente","robots":{"index":"index","follow":"follow","max-snippet":"max-snippet:-1","max-image-preview":"max-image-preview:large","max-video-preview":"max-video-preview:-1"},"canonical":"https:\/\/fundacioimpuls.org\/es\/imupls-colabora-con-el-hogar-de-maria\/","og_locale":"es_ES","og_type":"article","og_title":"La Fundaci\u00f3n Impuls colabora con la Asociaci\u00f3n Hogar de Mar\u00eda, que atiende a m\u00e1s de 300 mujeres - Fundaci\u00f3 Impuls","og_description":"Con un donativo de 1000\u20ac, la Fundaci\u00f3n Impuls ofrece su apoyo al Hogar de Mar\u00eda y a las 320 mujeres a las que atiende actualmente","og_url":"https:\/\/fundacioimpuls.org\/es\/imupls-colabora-con-el-hogar-de-maria\/","og_site_name":"Fundaci\u00f3 Impuls","article_published_time":"2023-02-22T11:44:54+00:00","article_modified_time":"2023-06-13T09:01:57+00:00","og_image":[{"width":800,"height":500,"url":"https:\/\/fundacioimpuls.org\/wp-content\/uploads\/2023\/02\/embarazo-800x500-1.jpg","type":"image\/jpeg"}],"author":"B\u00e0rbara Sed\u00f3","twitter_card":"summary_large_image","twitter_misc":{"Escrito por":"B\u00e0rbara Sed\u00f3","Tiempo de lectura":"2 minutos"},"schema":{"@context":"https:\/\/schema.org","@graph":[{"@type":"Article","@id":"https:\/\/fundacioimpuls.org\/es\/imupls-colabora-con-el-hogar-de-maria\/#article","isPartOf":{"@id":"https:\/\/fundacioimpuls.org\/es\/imupls-colabora-con-el-hogar-de-maria\/"},"author":{"name":"B\u00e0rbara Sed\u00f3","@id":"https:\/\/fundacioimpuls.org\/#\/schema\/person\/4bc2c7853b5a0922785c9900143ac7dc"},"headline":"La Fundaci\u00f3n Impuls colabora con la Asociaci\u00f3n Hogar de Mar\u00eda, que atiende a m\u00e1s de 300 mujeres","datePublished":"2023-02-22T11:44:54+00:00","dateModified":"2023-06-13T09:01:57+00:00","mainEntityOfPage":{"@id":"https:\/\/fundacioimpuls.org\/es\/imupls-colabora-con-el-hogar-de-maria\/"},"wordCount":289,"commentCount":0,"publisher":{"@id":"https:\/\/fundacioimpuls.org\/#organization"},"articleSection":["COOPERACI\u00d3N"],"inLanguage":"es","potentialAction":[{"@type":"CommentAction","name":"Comment","target":["https:\/\/fundacioimpuls.org\/es\/imupls-colabora-con-el-hogar-de-maria\/#respond"]}]},{"@type":"WebPage","@id":"https:\/\/fundacioimpuls.org\/es\/imupls-colabora-con-el-hogar-de-maria\/","url":"https:\/\/fundacioimpuls.org\/es\/imupls-colabora-con-el-hogar-de-maria\/","name":"La Fundaci\u00f3n Impuls colabora con la Asociaci\u00f3n Hogar de Mar\u00eda, que atiende a m\u00e1s de 300 mujeres - Fundaci\u00f3 Impuls","isPartOf":{"@id":"https:\/\/fundacioimpuls.org\/#website"},"datePublished":"2023-02-22T11:44:54+00:00","dateModified":"2023-06-13T09:01:57+00:00","description":"Con un donativo de 1000\u20ac, la Fundaci\u00f3n Impuls ofrece su apoyo al Hogar de Mar\u00eda y a las 320 mujeres a las que atiende actualmente","breadcrumb":{"@id":"https:\/\/fundacioimpuls.org\/es\/imupls-colabora-con-el-hogar-de-maria\/#breadcrumb"},"inLanguage":"es","potentialAction":[{"@type":"ReadAction","target":["https:\/\/fundacioimpuls.org\/es\/imupls-colabora-con-el-hogar-de-maria\/"]}]},{"@type":"BreadcrumbList","@id":"https:\/\/fundacioimpuls.org\/es\/imupls-colabora-con-el-hogar-de-maria\/#breadcrumb","itemListElement":[{"@type":"ListItem","position":1,"name":"Inici","item":"https:\/\/fundacioimpuls.org\/es\/"},{"@type":"ListItem","position":2,"name":"La Fundaci\u00f3n Impuls colabora con la Asociaci\u00f3n Hogar de Mar\u00eda, que atiende a m\u00e1s de 300 mujeres"}]},{"@type":"WebSite","@id":"https:\/\/fundacioimpuls.org\/#website","url":"https:\/\/fundacioimpuls.org\/","name":"Fundaci\u00f3 Impuls","description":"Impuls quiere contribuir a la mejora de la sociedad a trav\u00e9s de la investigaci\u00f3n en materia educativa, el reconocimiento al papel del profesorado y la cooperaci\u00f3n internacional con proyectos educativos en pa\u00edses en v\u00edas de desarrollo.","publisher":{"@id":"https:\/\/fundacioimpuls.org\/#organization"},"potentialAction":[{"@type":"SearchAction","target":{"@type":"EntryPoint","urlTemplate":"https:\/\/fundacioimpuls.org\/?s={search_term_string}"},"query-input":"required name=search_term_string"}],"inLanguage":"es"},{"@type":"Organization","@id":"https:\/\/fundacioimpuls.org\/#organization","name":"Fundaci\u00f3 Impuls","url":"https:\/\/fundacioimpuls.org\/","logo":{"@type":"ImageObject","inLanguage":"es","@id":"https:\/\/fundacioimpuls.org\/#\/schema\/logo\/image\/","url":"https:\/\/fundacioimpuls.org\/wp-content\/uploads\/2022\/05\/logo-impuls-1.jpg","contentUrl":"https:\/\/fundacioimpuls.org\/wp-content\/uploads\/2022\/05\/logo-impuls-1.jpg","width":2012,"height":780,"caption":"Fundaci\u00f3 Impuls"},"image":{"@id":"https:\/\/fundacioimpuls.org\/#\/schema\/logo\/image\/"}},{"@type":"Person","@id":"https:\/\/fundacioimpuls.org\/#\/schema\/person\/4bc2c7853b5a0922785c9900143ac7dc","name":"B\u00e0rbara Sed\u00f3","image":{"@type":"ImageObject","inLanguage":"es","@id":"https:\/\/fundacioimpuls.org\/#\/schema\/person\/image\/","url":"https:\/\/secure.gravatar.com\/avatar\/d3cebf93f2248b62256e490eaae2ec38?s=96&d=mm&r=g","contentUrl":"https:\/\/secure.gravatar.com\/avatar\/d3cebf93f2248b62256e490eaae2ec38?s=96&d=mm&r=g","caption":"B\u00e0rbara Sed\u00f3"},"url":"https:\/\/fundacioimpuls.org\/es\/author\/comunicacio-b\/"}]}},"_links":{"self":[{"href":"https:\/\/fundacioimpuls.org\/es\/wp-json\/wp\/v2\/posts\/2528"}],"collection":[{"href":"https:\/\/fundacioimpuls.org\/es\/wp-json\/wp\/v2\/posts"}],"about":[{"href":"https:\/\/fundacioimpuls.org\/es\/wp-json\/wp\/v2\/types\/post"}],"author":[{"embeddable":true,"href":"https:\/\/fundacioimpuls.org\/es\/wp-json\/wp\/v2\/users\/7"}],"replies":[{"embeddable":true,"href":"https:\/\/fundacioimpuls.org\/es\/wp-json\/wp\/v2\/comments?post=2528"}],"version-history":[{"count":1,"href":"https:\/\/fundacioimpuls.org\/es\/wp-json\/wp\/v2\/posts\/2528\/revisions"}],"predecessor-version":[{"id":2529,"href":"https:\/\/fundacioimpuls.org\/es\/wp-json\/wp\/v2\/posts\/2528\/revisions\/2529"}],"wp:featuredmedia":[{"embeddable":true,"href":"https:\/\/fundacioimpuls.org\/es\/wp-json\/wp\/v2\/media\/2526"}],"wp:attachment":[{"href":"https:\/\/fundacioimpuls.org\/es\/wp-json\/wp\/v2\/media?parent=2528"}],"wp:term":[{"taxonomy":"category","embeddable":true,"href":"https:\/\/fundacioimpuls.org\/es\/wp-json\/wp\/v2\/categories?post=2528"},{"taxonomy":"post_tag","embeddable":true,"href":"https:\/\/fundacioimpuls.org\/es\/wp-json\/wp\/v2\/tags?post=2528"}],"curies":[{"name":"wp","href":"https:\/\/api.w.org\/{rel}","templated":true}]}}