{"id":2635,"date":"2023-06-20T07:57:46","date_gmt":"2023-06-20T06:57:46","guid":{"rendered":"https:\/\/fundacioimpuls.org\/mas-de-300-docentes-completan-su-formacion-gracias-a-impuls\/"},"modified":"2023-06-20T07:59:52","modified_gmt":"2023-06-20T06:59:52","slug":"mas-de-300-docentes-completan-su-formacion-gracias-a-impuls","status":"publish","type":"post","link":"https:\/\/fundacioimpuls.org\/es\/mas-de-300-docentes-completan-su-formacion-gracias-a-impuls\/","title":{"rendered":"M\u00e1s de 300 docentes completan su formaci\u00f3n gracias a Impuls"},"content":{"rendered":"\n<p>Impuls participa en el desarrollo y realizaci\u00f3n de actividades de formaci\u00f3n profesional, cultural y educativa (conferencias, jornadas, cursos\u2026) dirigidas a los profesionales de la educaci\u00f3n.<\/p>\n\n\n\n<p>De acuerdo con la misi\u00f3n de la Fundaci\u00f3n, Impuls organiza cada a\u00f1o cursos de formaci\u00f3n para profesores y profesoras. En 2022, <strong>m\u00e1s de 400 docentes han participado en 8 cursos<\/strong> en los formatos presencial, online y mixta, con reconocimiento del Departamento de Educaci\u00f3n.<\/p>\n\n\n\n<p>Han sido <strong>casi 350 horas formativas<\/strong> con la siguiente oferta:<\/p>\n\n\n\n<p><strong>Los proyectos did\u00e1cticos en Dream Schools<\/strong><\/p>\n\n\n\n<p>Capacitaci\u00f3n para el profesorado en la planificaci\u00f3n de actividades de aprendizaje y en el uso de rutinas de pensamiento con el fin de conseguir la autonom\u00eda del alumno.<\/p>\n\n\n\n<p><strong>Los proyectos did\u00e1cticos en Dream Schools en Infantil<\/strong><\/p>\n\n\n\n<p>Gu\u00eda para el profesorado en el dise\u00f1o de proyectos did\u00e1cticos interdisciplinares que garanticen el acceso de todos los alumnos al aprendizaje.<\/p>\n\n\n\n<p><strong>Modelo AIRISS. Acci\u00f3n tutorial para el crecimiento personal<\/strong><\/p>\n\n\n\n<p>Una de las funciones de la acci\u00f3n tutorial es que el alumno pueda adquirir competencias b\u00e1sicas para afrontar la vida y para crecer en todos los \u00e1mbitos de su personalidad. Este curso ofrece formaci\u00f3n a los docentes sobre el modelo AIRISS, una propuesta para el crecimiento personal del alumnado a partir del desarrollo de sus fortalezas personales.<\/p>\n\n\n\n<p><strong>Dream Schools. Workshop de nuevas metodolog\u00edas y comunicaci\u00f3n<\/strong><\/p>\n\n\n\n<p>Curso presencial que capacita a los participantes en la gesti\u00f3n de grupos, con especial atenci\u00f3n al autoconocimiento y autoevaluaci\u00f3n, as\u00ed como a t\u00e9cnicas de expresi\u00f3n escrita y oral.<\/p>\n\n\n\n<p><strong>Taller: liderar la innovaci\u00f3n pedag\u00f3gica en mi centro (ediciones Infantil, Primaria y Secundaria)<\/strong><\/p>\n\n\n\n<p>Curso de capacitaci\u00f3n de los l\u00edderes pedag\u00f3gicos para acompa\u00f1ar a los docentes en la transformaci\u00f3n educativa y dise\u00f1ar un plan personalizado de transformaci\u00f3n pedag\u00f3gica en el colegio.<\/p>\n\n\n\n<p><strong>Aprendamos a amar. Educaci\u00f3n afectivosexual (ediciones Primaria y Secundaria)<\/strong><\/p>\n\n\n\n<p>Curso que invita a la reflexi\u00f3n y a la profundizaci\u00f3n sobre el sentido, significado y finalidad de la afectividad y sexualidad humanas. Herramientas y recursos para responder y acompa\u00f1ar las inquietudes de cada persona. <\/p>\n\n\n\n<p><strong>Curso experto en educaci\u00f3n afectivosexual, parte I<\/strong><\/p>\n\n\n\n<p>Formaci\u00f3n sobre el acompa\u00f1amiento educativo en materia de afectividad, amor y sexualidad.<\/p>\n\n\n\n<p><strong>Dise\u00f1o de secuencias did\u00e1cticas y gesti\u00f3n de la evaluaci\u00f3n bajo el enfoque competencial de la LOMLOE<\/strong><\/p>\n\n\n\n<p>Curso de capacitaci\u00f3n sobre las bases te\u00f3ricas del trabajo y evaluaci\u00f3n por competencias. Orientaci\u00f3n para la programaci\u00f3n did\u00e1ctica seg\u00fan la LOMLOE y para el dise\u00f1o de secuencias did\u00e1cticas bajo la perspectiva del trabajo por competencias. <\/p>\n\n\n\n<figure class=\"wp-block-image size-full\"><img fetchpriority=\"high\" decoding=\"async\" width=\"756\" height=\"256\" src=\"https:\/\/fundacioimpuls.org\/wp-content\/uploads\/2023\/06\/FORMACION-GRAFICA.jpg\" alt=\"\" class=\"wp-image-2639\" srcset=\"https:\/\/fundacioimpuls.org\/wp-content\/uploads\/2023\/06\/FORMACION-GRAFICA.jpg 756w, https:\/\/fundacioimpuls.org\/wp-content\/uploads\/2023\/06\/FORMACION-GRAFICA-300x102.jpg 300w\" sizes=\"(max-width: 756px) 100vw, 756px\" \/><\/figure>\n\n\n\n<p><\/p>\n","protected":false},"excerpt":{"rendered":"<p>Impuls participa en el desarrollo y realizaci\u00f3n de actividades de formaci\u00f3n profesional, cultural y educativa (conferencias, jornadas, cursos\u2026) dirigidas a los profesionales de la educaci\u00f3n. De acuerdo con la misi\u00f3n de la Fundaci\u00f3n, Impuls organiza cada a\u00f1o cursos de formaci\u00f3n para profesores y profesoras. En 2022, m\u00e1s de 400 docentes han participado en 8 cursos [&hellip;]<\/p>\n","protected":false},"author":7,"featured_media":2630,"comment_status":"open","ping_status":"open","sticky":false,"template":"","format":"standard","meta":[],"categories":[23],"tags":[38,37,35,36],"yoast_head":"<!-- This site is optimized with the Yoast SEO plugin v20.9 - https:\/\/yoast.com\/wordpress\/plugins\/seo\/ -->\n<title>M\u00e1s de 300 docentes completan su formaci\u00f3n gracias a Impuls - Fundaci\u00f3 Impuls<\/title>\n<meta name=\"description\" content=\"De acuerdo con la misi\u00f3n de la Fundaci\u00f3n, Impuls organiza actividades formativas para profesores. En 2022, han participado m\u00e1s de 400 docentes\" \/>\n<meta name=\"robots\" content=\"index, follow, max-snippet:-1, max-image-preview:large, max-video-preview:-1\" \/>\n<link rel=\"canonical\" href=\"https:\/\/fundacioimpuls.org\/es\/mas-de-300-docentes-completan-su-formacion-gracias-a-impuls\/\" \/>\n<meta property=\"og:locale\" content=\"es_ES\" \/>\n<meta property=\"og:type\" content=\"article\" \/>\n<meta property=\"og:title\" content=\"M\u00e1s de 300 docentes completan su formaci\u00f3n gracias a Impuls - Fundaci\u00f3 Impuls\" \/>\n<meta property=\"og:description\" content=\"De acuerdo con la misi\u00f3n de la Fundaci\u00f3n, Impuls organiza actividades formativas para profesores. En 2022, han participado m\u00e1s de 400 docentes\" \/>\n<meta property=\"og:url\" content=\"https:\/\/fundacioimpuls.org\/es\/mas-de-300-docentes-completan-su-formacion-gracias-a-impuls\/\" \/>\n<meta property=\"og:site_name\" content=\"Fundaci\u00f3 Impuls\" \/>\n<meta property=\"article:published_time\" content=\"2023-06-20T06:57:46+00:00\" \/>\n<meta property=\"article:modified_time\" content=\"2023-06-20T06:59:52+00:00\" \/>\n<meta property=\"og:image\" content=\"https:\/\/fundacioimpuls.org\/wp-content\/uploads\/2023\/06\/FORMACIO-800X500.jpg\" \/>\n\t<meta property=\"og:image:width\" content=\"800\" \/>\n\t<meta property=\"og:image:height\" content=\"500\" \/>\n\t<meta property=\"og:image:type\" content=\"image\/jpeg\" \/>\n<meta name=\"author\" content=\"B\u00e0rbara Sed\u00f3\" \/>\n<meta name=\"twitter:card\" content=\"summary_large_image\" \/>\n<meta name=\"twitter:label1\" content=\"Escrito por\" \/>\n\t<meta name=\"twitter:data1\" content=\"B\u00e0rbara Sed\u00f3\" \/>\n\t<meta name=\"twitter:label2\" content=\"Tiempo de lectura\" \/>\n\t<meta name=\"twitter:data2\" content=\"3 minutos\" \/>\n<script type=\"application\/ld+json\" class=\"yoast-schema-graph\">{\"@context\":\"https:\/\/schema.org\",\"@graph\":[{\"@type\":\"Article\",\"@id\":\"https:\/\/fundacioimpuls.org\/es\/mas-de-300-docentes-completan-su-formacion-gracias-a-impuls\/#article\",\"isPartOf\":{\"@id\":\"https:\/\/fundacioimpuls.org\/es\/mas-de-300-docentes-completan-su-formacion-gracias-a-impuls\/\"},\"author\":{\"name\":\"B\u00e0rbara Sed\u00f3\",\"@id\":\"https:\/\/fundacioimpuls.org\/#\/schema\/person\/4bc2c7853b5a0922785c9900143ac7dc\"},\"headline\":\"M\u00e1s de 300 docentes completan su formaci\u00f3n gracias a Impuls\",\"datePublished\":\"2023-06-20T06:57:46+00:00\",\"dateModified\":\"2023-06-20T06:59:52+00:00\",\"mainEntityOfPage\":{\"@id\":\"https:\/\/fundacioimpuls.org\/es\/mas-de-300-docentes-completan-su-formacion-gracias-a-impuls\/\"},\"wordCount\":460,\"commentCount\":0,\"publisher\":{\"@id\":\"https:\/\/fundacioimpuls.org\/#organization\"},\"keywords\":[\"apoyo al profesorado\",\"cursos\",\"formaci\u00f3n\",\"profesorado\"],\"articleSection\":[\"SOPORTE AL PROFESORADO\"],\"inLanguage\":\"es\",\"potentialAction\":[{\"@type\":\"CommentAction\",\"name\":\"Comment\",\"target\":[\"https:\/\/fundacioimpuls.org\/es\/mas-de-300-docentes-completan-su-formacion-gracias-a-impuls\/#respond\"]}]},{\"@type\":\"WebPage\",\"@id\":\"https:\/\/fundacioimpuls.org\/es\/mas-de-300-docentes-completan-su-formacion-gracias-a-impuls\/\",\"url\":\"https:\/\/fundacioimpuls.org\/es\/mas-de-300-docentes-completan-su-formacion-gracias-a-impuls\/\",\"name\":\"M\u00e1s de 300 docentes completan su formaci\u00f3n gracias a Impuls - Fundaci\u00f3 Impuls\",\"isPartOf\":{\"@id\":\"https:\/\/fundacioimpuls.org\/#website\"},\"datePublished\":\"2023-06-20T06:57:46+00:00\",\"dateModified\":\"2023-06-20T06:59:52+00:00\",\"description\":\"De acuerdo con la misi\u00f3n de la Fundaci\u00f3n, Impuls organiza actividades formativas para profesores. En 2022, han participado m\u00e1s de 400 docentes\",\"breadcrumb\":{\"@id\":\"https:\/\/fundacioimpuls.org\/es\/mas-de-300-docentes-completan-su-formacion-gracias-a-impuls\/#breadcrumb\"},\"inLanguage\":\"es\",\"potentialAction\":[{\"@type\":\"ReadAction\",\"target\":[\"https:\/\/fundacioimpuls.org\/es\/mas-de-300-docentes-completan-su-formacion-gracias-a-impuls\/\"]}]},{\"@type\":\"BreadcrumbList\",\"@id\":\"https:\/\/fundacioimpuls.org\/es\/mas-de-300-docentes-completan-su-formacion-gracias-a-impuls\/#breadcrumb\",\"itemListElement\":[{\"@type\":\"ListItem\",\"position\":1,\"name\":\"Inici\",\"item\":\"https:\/\/fundacioimpuls.org\/es\/\"},{\"@type\":\"ListItem\",\"position\":2,\"name\":\"M\u00e1s de 300 docentes completan su formaci\u00f3n gracias a Impuls\"}]},{\"@type\":\"WebSite\",\"@id\":\"https:\/\/fundacioimpuls.org\/#website\",\"url\":\"https:\/\/fundacioimpuls.org\/\",\"name\":\"Fundaci\u00f3 Impuls\",\"description\":\"Impuls quiere contribuir a la mejora de la sociedad a trav\u00e9s de la investigaci\u00f3n en materia educativa, el reconocimiento al papel del profesorado y la cooperaci\u00f3n internacional con proyectos educativos en pa\u00edses en v\u00edas de desarrollo.\",\"publisher\":{\"@id\":\"https:\/\/fundacioimpuls.org\/#organization\"},\"potentialAction\":[{\"@type\":\"SearchAction\",\"target\":{\"@type\":\"EntryPoint\",\"urlTemplate\":\"https:\/\/fundacioimpuls.org\/?s={search_term_string}\"},\"query-input\":\"required name=search_term_string\"}],\"inLanguage\":\"es\"},{\"@type\":\"Organization\",\"@id\":\"https:\/\/fundacioimpuls.org\/#organization\",\"name\":\"Fundaci\u00f3 Impuls\",\"url\":\"https:\/\/fundacioimpuls.org\/\",\"logo\":{\"@type\":\"ImageObject\",\"inLanguage\":\"es\",\"@id\":\"https:\/\/fundacioimpuls.org\/#\/schema\/logo\/image\/\",\"url\":\"https:\/\/fundacioimpuls.org\/wp-content\/uploads\/2022\/05\/logo-impuls-1.jpg\",\"contentUrl\":\"https:\/\/fundacioimpuls.org\/wp-content\/uploads\/2022\/05\/logo-impuls-1.jpg\",\"width\":2012,\"height\":780,\"caption\":\"Fundaci\u00f3 Impuls\"},\"image\":{\"@id\":\"https:\/\/fundacioimpuls.org\/#\/schema\/logo\/image\/\"}},{\"@type\":\"Person\",\"@id\":\"https:\/\/fundacioimpuls.org\/#\/schema\/person\/4bc2c7853b5a0922785c9900143ac7dc\",\"name\":\"B\u00e0rbara Sed\u00f3\",\"image\":{\"@type\":\"ImageObject\",\"inLanguage\":\"es\",\"@id\":\"https:\/\/fundacioimpuls.org\/#\/schema\/person\/image\/\",\"url\":\"https:\/\/secure.gravatar.com\/avatar\/d3cebf93f2248b62256e490eaae2ec38?s=96&d=mm&r=g\",\"contentUrl\":\"https:\/\/secure.gravatar.com\/avatar\/d3cebf93f2248b62256e490eaae2ec38?s=96&d=mm&r=g\",\"caption\":\"B\u00e0rbara Sed\u00f3\"},\"url\":\"https:\/\/fundacioimpuls.org\/es\/author\/comunicacio-b\/\"}]}<\/script>\n<!-- \/ Yoast SEO plugin. -->","yoast_head_json":{"title":"M\u00e1s de 300 docentes completan su formaci\u00f3n gracias a Impuls - Fundaci\u00f3 Impuls","description":"De acuerdo con la misi\u00f3n de la Fundaci\u00f3n, Impuls organiza actividades formativas para profesores. En 2022, han participado m\u00e1s de 400 docentes","robots":{"index":"index","follow":"follow","max-snippet":"max-snippet:-1","max-image-preview":"max-image-preview:large","max-video-preview":"max-video-preview:-1"},"canonical":"https:\/\/fundacioimpuls.org\/es\/mas-de-300-docentes-completan-su-formacion-gracias-a-impuls\/","og_locale":"es_ES","og_type":"article","og_title":"M\u00e1s de 300 docentes completan su formaci\u00f3n gracias a Impuls - Fundaci\u00f3 Impuls","og_description":"De acuerdo con la misi\u00f3n de la Fundaci\u00f3n, Impuls organiza actividades formativas para profesores. En 2022, han participado m\u00e1s de 400 docentes","og_url":"https:\/\/fundacioimpuls.org\/es\/mas-de-300-docentes-completan-su-formacion-gracias-a-impuls\/","og_site_name":"Fundaci\u00f3 Impuls","article_published_time":"2023-06-20T06:57:46+00:00","article_modified_time":"2023-06-20T06:59:52+00:00","og_image":[{"width":800,"height":500,"url":"https:\/\/fundacioimpuls.org\/wp-content\/uploads\/2023\/06\/FORMACIO-800X500.jpg","type":"image\/jpeg"}],"author":"B\u00e0rbara Sed\u00f3","twitter_card":"summary_large_image","twitter_misc":{"Escrito por":"B\u00e0rbara Sed\u00f3","Tiempo de lectura":"3 minutos"},"schema":{"@context":"https:\/\/schema.org","@graph":[{"@type":"Article","@id":"https:\/\/fundacioimpuls.org\/es\/mas-de-300-docentes-completan-su-formacion-gracias-a-impuls\/#article","isPartOf":{"@id":"https:\/\/fundacioimpuls.org\/es\/mas-de-300-docentes-completan-su-formacion-gracias-a-impuls\/"},"author":{"name":"B\u00e0rbara Sed\u00f3","@id":"https:\/\/fundacioimpuls.org\/#\/schema\/person\/4bc2c7853b5a0922785c9900143ac7dc"},"headline":"M\u00e1s de 300 docentes completan su formaci\u00f3n gracias a Impuls","datePublished":"2023-06-20T06:57:46+00:00","dateModified":"2023-06-20T06:59:52+00:00","mainEntityOfPage":{"@id":"https:\/\/fundacioimpuls.org\/es\/mas-de-300-docentes-completan-su-formacion-gracias-a-impuls\/"},"wordCount":460,"commentCount":0,"publisher":{"@id":"https:\/\/fundacioimpuls.org\/#organization"},"keywords":["apoyo al profesorado","cursos","formaci\u00f3n","profesorado"],"articleSection":["SOPORTE AL PROFESORADO"],"inLanguage":"es","potentialAction":[{"@type":"CommentAction","name":"Comment","target":["https:\/\/fundacioimpuls.org\/es\/mas-de-300-docentes-completan-su-formacion-gracias-a-impuls\/#respond"]}]},{"@type":"WebPage","@id":"https:\/\/fundacioimpuls.org\/es\/mas-de-300-docentes-completan-su-formacion-gracias-a-impuls\/","url":"https:\/\/fundacioimpuls.org\/es\/mas-de-300-docentes-completan-su-formacion-gracias-a-impuls\/","name":"M\u00e1s de 300 docentes completan su formaci\u00f3n gracias a Impuls - Fundaci\u00f3 Impuls","isPartOf":{"@id":"https:\/\/fundacioimpuls.org\/#website"},"datePublished":"2023-06-20T06:57:46+00:00","dateModified":"2023-06-20T06:59:52+00:00","description":"De acuerdo con la misi\u00f3n de la Fundaci\u00f3n, Impuls organiza actividades formativas para profesores. En 2022, han participado m\u00e1s de 400 docentes","breadcrumb":{"@id":"https:\/\/fundacioimpuls.org\/es\/mas-de-300-docentes-completan-su-formacion-gracias-a-impuls\/#breadcrumb"},"inLanguage":"es","potentialAction":[{"@type":"ReadAction","target":["https:\/\/fundacioimpuls.org\/es\/mas-de-300-docentes-completan-su-formacion-gracias-a-impuls\/"]}]},{"@type":"BreadcrumbList","@id":"https:\/\/fundacioimpuls.org\/es\/mas-de-300-docentes-completan-su-formacion-gracias-a-impuls\/#breadcrumb","itemListElement":[{"@type":"ListItem","position":1,"name":"Inici","item":"https:\/\/fundacioimpuls.org\/es\/"},{"@type":"ListItem","position":2,"name":"M\u00e1s de 300 docentes completan su formaci\u00f3n gracias a Impuls"}]},{"@type":"WebSite","@id":"https:\/\/fundacioimpuls.org\/#website","url":"https:\/\/fundacioimpuls.org\/","name":"Fundaci\u00f3 Impuls","description":"Impuls quiere contribuir a la mejora de la sociedad a trav\u00e9s de la investigaci\u00f3n en materia educativa, el reconocimiento al papel del profesorado y la cooperaci\u00f3n internacional con proyectos educativos en pa\u00edses en v\u00edas de desarrollo.","publisher":{"@id":"https:\/\/fundacioimpuls.org\/#organization"},"potentialAction":[{"@type":"SearchAction","target":{"@type":"EntryPoint","urlTemplate":"https:\/\/fundacioimpuls.org\/?s={search_term_string}"},"query-input":"required name=search_term_string"}],"inLanguage":"es"},{"@type":"Organization","@id":"https:\/\/fundacioimpuls.org\/#organization","name":"Fundaci\u00f3 Impuls","url":"https:\/\/fundacioimpuls.org\/","logo":{"@type":"ImageObject","inLanguage":"es","@id":"https:\/\/fundacioimpuls.org\/#\/schema\/logo\/image\/","url":"https:\/\/fundacioimpuls.org\/wp-content\/uploads\/2022\/05\/logo-impuls-1.jpg","contentUrl":"https:\/\/fundacioimpuls.org\/wp-content\/uploads\/2022\/05\/logo-impuls-1.jpg","width":2012,"height":780,"caption":"Fundaci\u00f3 Impuls"},"image":{"@id":"https:\/\/fundacioimpuls.org\/#\/schema\/logo\/image\/"}},{"@type":"Person","@id":"https:\/\/fundacioimpuls.org\/#\/schema\/person\/4bc2c7853b5a0922785c9900143ac7dc","name":"B\u00e0rbara Sed\u00f3","image":{"@type":"ImageObject","inLanguage":"es","@id":"https:\/\/fundacioimpuls.org\/#\/schema\/person\/image\/","url":"https:\/\/secure.gravatar.com\/avatar\/d3cebf93f2248b62256e490eaae2ec38?s=96&d=mm&r=g","contentUrl":"https:\/\/secure.gravatar.com\/avatar\/d3cebf93f2248b62256e490eaae2ec38?s=96&d=mm&r=g","caption":"B\u00e0rbara Sed\u00f3"},"url":"https:\/\/fundacioimpuls.org\/es\/author\/comunicacio-b\/"}]}},"_links":{"self":[{"href":"https:\/\/fundacioimpuls.org\/es\/wp-json\/wp\/v2\/posts\/2635"}],"collection":[{"href":"https:\/\/fundacioimpuls.org\/es\/wp-json\/wp\/v2\/posts"}],"about":[{"href":"https:\/\/fundacioimpuls.org\/es\/wp-json\/wp\/v2\/types\/post"}],"author":[{"embeddable":true,"href":"https:\/\/fundacioimpuls.org\/es\/wp-json\/wp\/v2\/users\/7"}],"replies":[{"embeddable":true,"href":"https:\/\/fundacioimpuls.org\/es\/wp-json\/wp\/v2\/comments?post=2635"}],"version-history":[{"count":4,"href":"https:\/\/fundacioimpuls.org\/es\/wp-json\/wp\/v2\/posts\/2635\/revisions"}],"predecessor-version":[{"id":2641,"href":"https:\/\/fundacioimpuls.org\/es\/wp-json\/wp\/v2\/posts\/2635\/revisions\/2641"}],"wp:featuredmedia":[{"embeddable":true,"href":"https:\/\/fundacioimpuls.org\/es\/wp-json\/wp\/v2\/media\/2630"}],"wp:attachment":[{"href":"https:\/\/fundacioimpuls.org\/es\/wp-json\/wp\/v2\/media?parent=2635"}],"wp:term":[{"taxonomy":"category","embeddable":true,"href":"https:\/\/fundacioimpuls.org\/es\/wp-json\/wp\/v2\/categories?post=2635"},{"taxonomy":"post_tag","embeddable":true,"href":"https:\/\/fundacioimpuls.org\/es\/wp-json\/wp\/v2\/tags?post=2635"}],"curies":[{"name":"wp","href":"https:\/\/api.w.org\/{rel}","templated":true}]}}