{"id":2680,"date":"2023-07-17T13:56:26","date_gmt":"2023-07-17T12:56:26","guid":{"rendered":"https:\/\/fundacioimpuls.org\/impuls-sigue-apoyando-el-proyecto-azobe-en-camerun\/"},"modified":"2023-07-17T13:56:27","modified_gmt":"2023-07-17T12:56:27","slug":"impuls-sigue-apoyando-el-proyecto-azobe-en-camerun","status":"publish","type":"post","link":"https:\/\/fundacioimpuls.org\/es\/impuls-sigue-apoyando-el-proyecto-azobe-en-camerun\/","title":{"rendered":"Impuls sigue apoyando el proyecto Azobe, en Camer\u00fan"},"content":{"rendered":"\n<p>Impuls ha colaborado, un a\u00f1o m\u00e1s, con el <a href=\"https:\/\/lafarga.institucio.org\/es\/actualidad\/projecte-azobe-2023-1\">proyecto solidario Azobe<\/a>. Se trata de un colegio situado en Yaound\u00e9, Camer\u00fan, propiedad de la fundaci\u00f3n EFEDI, que trabaja para impulsar una educaci\u00f3n de calidad en diferentes pa\u00edses.<\/p>\n\n<p>Anualmente, un grupo de alumnos del colegio La Farga, de Sant Cugat del Vall\u00e9s, lleva a cabo un campo de trabajo en la capital camerunesa. Su actuaci\u00f3n gira entorno a tres ejes: actividades que preparan para los alumnos del colegio, la construcci\u00f3n de nuevos equipamientos del centro y la acci\u00f3n social en el pueblo. <\/p>\n\n<p>La Fundaci\u00f3n Impuls ha colaborado con algunas de las actividades de recaudaci\u00f3n de fondos para Azobe organizadas por los alumnos que viajan a Yaound\u00e9, como la \u201cCarrera solidaria por Azobe\u201d o \u201cLa Farga Open\u201d, el torneo de p\u00e1del solidario por Azobe. <\/p>\n","protected":false},"excerpt":{"rendered":"<p>Impuls ha colaborado, un a\u00f1o m\u00e1s, con el proyecto solidario Azobe. Se trata de un colegio situado en Yaound\u00e9, Camer\u00fan, propiedad de la fundaci\u00f3n EFEDI, que trabaja para impulsar una educaci\u00f3n de calidad en diferentes pa\u00edses. Anualmente, un grupo de alumnos del colegio La Farga, de Sant Cugat del Vall\u00e9s, lleva a cabo un campo [&hellip;]<\/p>\n","protected":false},"author":7,"featured_media":2678,"comment_status":"open","ping_status":"open","sticky":false,"template":"","format":"standard","meta":[],"categories":[21],"tags":[49,52,51,48,50],"yoast_head":"<!-- This site is optimized with the Yoast SEO plugin v20.9 - https:\/\/yoast.com\/wordpress\/plugins\/seo\/ -->\n<title>Impuls sigue apoyando el proyecto Azobe, en Camer\u00fan - Fundaci\u00f3 Impuls<\/title>\n<meta name=\"description\" content=\"Impuls apoya el proyecto Azobe, un colegio en Yound\u00e9, Camer\u00fan, que trabaja para impulsar una educaci\u00f3n de calidad en diferentes pa\u00edses\" \/>\n<meta name=\"robots\" content=\"index, follow, max-snippet:-1, max-image-preview:large, max-video-preview:-1\" \/>\n<link rel=\"canonical\" href=\"https:\/\/fundacioimpuls.org\/es\/impuls-sigue-apoyando-el-proyecto-azobe-en-camerun\/\" \/>\n<meta property=\"og:locale\" content=\"es_ES\" \/>\n<meta property=\"og:type\" content=\"article\" \/>\n<meta property=\"og:title\" content=\"Impuls sigue apoyando el proyecto Azobe, en Camer\u00fan - Fundaci\u00f3 Impuls\" \/>\n<meta property=\"og:description\" content=\"Impuls apoya el proyecto Azobe, un colegio en Yound\u00e9, Camer\u00fan, que trabaja para impulsar una educaci\u00f3n de calidad en diferentes pa\u00edses\" \/>\n<meta property=\"og:url\" content=\"https:\/\/fundacioimpuls.org\/es\/impuls-sigue-apoyando-el-proyecto-azobe-en-camerun\/\" \/>\n<meta property=\"og:site_name\" content=\"Fundaci\u00f3 Impuls\" \/>\n<meta property=\"article:published_time\" content=\"2023-07-17T12:56:26+00:00\" \/>\n<meta property=\"article:modified_time\" content=\"2023-07-17T12:56:27+00:00\" \/>\n<meta property=\"og:image\" content=\"https:\/\/fundacioimpuls.org\/wp-content\/uploads\/2023\/07\/AZOBE-800-x500.jpg\" \/>\n\t<meta property=\"og:image:width\" content=\"800\" \/>\n\t<meta property=\"og:image:height\" content=\"500\" \/>\n\t<meta property=\"og:image:type\" content=\"image\/jpeg\" \/>\n<meta name=\"author\" content=\"B\u00e0rbara Sed\u00f3\" \/>\n<meta name=\"twitter:card\" content=\"summary_large_image\" \/>\n<meta name=\"twitter:label1\" content=\"Escrito por\" \/>\n\t<meta name=\"twitter:data1\" content=\"B\u00e0rbara Sed\u00f3\" \/>\n\t<meta name=\"twitter:label2\" content=\"Tiempo de lectura\" \/>\n\t<meta name=\"twitter:data2\" content=\"1 minuto\" \/>\n<script type=\"application\/ld+json\" class=\"yoast-schema-graph\">{\"@context\":\"https:\/\/schema.org\",\"@graph\":[{\"@type\":\"Article\",\"@id\":\"https:\/\/fundacioimpuls.org\/es\/impuls-sigue-apoyando-el-proyecto-azobe-en-camerun\/#article\",\"isPartOf\":{\"@id\":\"https:\/\/fundacioimpuls.org\/es\/impuls-sigue-apoyando-el-proyecto-azobe-en-camerun\/\"},\"author\":{\"name\":\"B\u00e0rbara Sed\u00f3\",\"@id\":\"https:\/\/fundacioimpuls.org\/#\/schema\/person\/4bc2c7853b5a0922785c9900143ac7dc\"},\"headline\":\"Impuls sigue apoyando el proyecto Azobe, en Camer\u00fan\",\"datePublished\":\"2023-07-17T12:56:26+00:00\",\"dateModified\":\"2023-07-17T12:56:27+00:00\",\"mainEntityOfPage\":{\"@id\":\"https:\/\/fundacioimpuls.org\/es\/impuls-sigue-apoyando-el-proyecto-azobe-en-camerun\/\"},\"wordCount\":153,\"commentCount\":0,\"publisher\":{\"@id\":\"https:\/\/fundacioimpuls.org\/#organization\"},\"keywords\":[\"apoyo\",\"Azobe\",\"Camer\u00fan\",\"cooperaci\u00f3n\",\"educaci\u00f3n\"],\"articleSection\":[\"COOPERACI\u00d3N\"],\"inLanguage\":\"es\",\"potentialAction\":[{\"@type\":\"CommentAction\",\"name\":\"Comment\",\"target\":[\"https:\/\/fundacioimpuls.org\/es\/impuls-sigue-apoyando-el-proyecto-azobe-en-camerun\/#respond\"]}]},{\"@type\":\"WebPage\",\"@id\":\"https:\/\/fundacioimpuls.org\/es\/impuls-sigue-apoyando-el-proyecto-azobe-en-camerun\/\",\"url\":\"https:\/\/fundacioimpuls.org\/es\/impuls-sigue-apoyando-el-proyecto-azobe-en-camerun\/\",\"name\":\"Impuls sigue apoyando el proyecto Azobe, en Camer\u00fan - Fundaci\u00f3 Impuls\",\"isPartOf\":{\"@id\":\"https:\/\/fundacioimpuls.org\/#website\"},\"datePublished\":\"2023-07-17T12:56:26+00:00\",\"dateModified\":\"2023-07-17T12:56:27+00:00\",\"description\":\"Impuls apoya el proyecto Azobe, un colegio en Yound\u00e9, Camer\u00fan, que trabaja para impulsar una educaci\u00f3n de calidad en diferentes pa\u00edses\",\"breadcrumb\":{\"@id\":\"https:\/\/fundacioimpuls.org\/es\/impuls-sigue-apoyando-el-proyecto-azobe-en-camerun\/#breadcrumb\"},\"inLanguage\":\"es\",\"potentialAction\":[{\"@type\":\"ReadAction\",\"target\":[\"https:\/\/fundacioimpuls.org\/es\/impuls-sigue-apoyando-el-proyecto-azobe-en-camerun\/\"]}]},{\"@type\":\"BreadcrumbList\",\"@id\":\"https:\/\/fundacioimpuls.org\/es\/impuls-sigue-apoyando-el-proyecto-azobe-en-camerun\/#breadcrumb\",\"itemListElement\":[{\"@type\":\"ListItem\",\"position\":1,\"name\":\"Inici\",\"item\":\"https:\/\/fundacioimpuls.org\/es\/\"},{\"@type\":\"ListItem\",\"position\":2,\"name\":\"Impuls sigue apoyando el proyecto Azobe, en Camer\u00fan\"}]},{\"@type\":\"WebSite\",\"@id\":\"https:\/\/fundacioimpuls.org\/#website\",\"url\":\"https:\/\/fundacioimpuls.org\/\",\"name\":\"Fundaci\u00f3 Impuls\",\"description\":\"Impuls quiere contribuir a la mejora de la sociedad a trav\u00e9s de la investigaci\u00f3n en materia educativa, el reconocimiento al papel del profesorado y la cooperaci\u00f3n internacional con proyectos educativos en pa\u00edses en v\u00edas de desarrollo.\",\"publisher\":{\"@id\":\"https:\/\/fundacioimpuls.org\/#organization\"},\"potentialAction\":[{\"@type\":\"SearchAction\",\"target\":{\"@type\":\"EntryPoint\",\"urlTemplate\":\"https:\/\/fundacioimpuls.org\/?s={search_term_string}\"},\"query-input\":\"required name=search_term_string\"}],\"inLanguage\":\"es\"},{\"@type\":\"Organization\",\"@id\":\"https:\/\/fundacioimpuls.org\/#organization\",\"name\":\"Fundaci\u00f3 Impuls\",\"url\":\"https:\/\/fundacioimpuls.org\/\",\"logo\":{\"@type\":\"ImageObject\",\"inLanguage\":\"es\",\"@id\":\"https:\/\/fundacioimpuls.org\/#\/schema\/logo\/image\/\",\"url\":\"https:\/\/fundacioimpuls.org\/wp-content\/uploads\/2022\/05\/logo-impuls-1.jpg\",\"contentUrl\":\"https:\/\/fundacioimpuls.org\/wp-content\/uploads\/2022\/05\/logo-impuls-1.jpg\",\"width\":2012,\"height\":780,\"caption\":\"Fundaci\u00f3 Impuls\"},\"image\":{\"@id\":\"https:\/\/fundacioimpuls.org\/#\/schema\/logo\/image\/\"}},{\"@type\":\"Person\",\"@id\":\"https:\/\/fundacioimpuls.org\/#\/schema\/person\/4bc2c7853b5a0922785c9900143ac7dc\",\"name\":\"B\u00e0rbara Sed\u00f3\",\"image\":{\"@type\":\"ImageObject\",\"inLanguage\":\"es\",\"@id\":\"https:\/\/fundacioimpuls.org\/#\/schema\/person\/image\/\",\"url\":\"https:\/\/secure.gravatar.com\/avatar\/d3cebf93f2248b62256e490eaae2ec38?s=96&d=mm&r=g\",\"contentUrl\":\"https:\/\/secure.gravatar.com\/avatar\/d3cebf93f2248b62256e490eaae2ec38?s=96&d=mm&r=g\",\"caption\":\"B\u00e0rbara Sed\u00f3\"},\"url\":\"https:\/\/fundacioimpuls.org\/es\/author\/comunicacio-b\/\"}]}<\/script>\n<!-- \/ Yoast SEO plugin. -->","yoast_head_json":{"title":"Impuls sigue apoyando el proyecto Azobe, en Camer\u00fan - Fundaci\u00f3 Impuls","description":"Impuls apoya el proyecto Azobe, un colegio en Yound\u00e9, Camer\u00fan, que trabaja para impulsar una educaci\u00f3n de calidad en diferentes pa\u00edses","robots":{"index":"index","follow":"follow","max-snippet":"max-snippet:-1","max-image-preview":"max-image-preview:large","max-video-preview":"max-video-preview:-1"},"canonical":"https:\/\/fundacioimpuls.org\/es\/impuls-sigue-apoyando-el-proyecto-azobe-en-camerun\/","og_locale":"es_ES","og_type":"article","og_title":"Impuls sigue apoyando el proyecto Azobe, en Camer\u00fan - Fundaci\u00f3 Impuls","og_description":"Impuls apoya el proyecto Azobe, un colegio en Yound\u00e9, Camer\u00fan, que trabaja para impulsar una educaci\u00f3n de calidad en diferentes pa\u00edses","og_url":"https:\/\/fundacioimpuls.org\/es\/impuls-sigue-apoyando-el-proyecto-azobe-en-camerun\/","og_site_name":"Fundaci\u00f3 Impuls","article_published_time":"2023-07-17T12:56:26+00:00","article_modified_time":"2023-07-17T12:56:27+00:00","og_image":[{"width":800,"height":500,"url":"https:\/\/fundacioimpuls.org\/wp-content\/uploads\/2023\/07\/AZOBE-800-x500.jpg","type":"image\/jpeg"}],"author":"B\u00e0rbara Sed\u00f3","twitter_card":"summary_large_image","twitter_misc":{"Escrito por":"B\u00e0rbara Sed\u00f3","Tiempo de lectura":"1 minuto"},"schema":{"@context":"https:\/\/schema.org","@graph":[{"@type":"Article","@id":"https:\/\/fundacioimpuls.org\/es\/impuls-sigue-apoyando-el-proyecto-azobe-en-camerun\/#article","isPartOf":{"@id":"https:\/\/fundacioimpuls.org\/es\/impuls-sigue-apoyando-el-proyecto-azobe-en-camerun\/"},"author":{"name":"B\u00e0rbara Sed\u00f3","@id":"https:\/\/fundacioimpuls.org\/#\/schema\/person\/4bc2c7853b5a0922785c9900143ac7dc"},"headline":"Impuls sigue apoyando el proyecto Azobe, en Camer\u00fan","datePublished":"2023-07-17T12:56:26+00:00","dateModified":"2023-07-17T12:56:27+00:00","mainEntityOfPage":{"@id":"https:\/\/fundacioimpuls.org\/es\/impuls-sigue-apoyando-el-proyecto-azobe-en-camerun\/"},"wordCount":153,"commentCount":0,"publisher":{"@id":"https:\/\/fundacioimpuls.org\/#organization"},"keywords":["apoyo","Azobe","Camer\u00fan","cooperaci\u00f3n","educaci\u00f3n"],"articleSection":["COOPERACI\u00d3N"],"inLanguage":"es","potentialAction":[{"@type":"CommentAction","name":"Comment","target":["https:\/\/fundacioimpuls.org\/es\/impuls-sigue-apoyando-el-proyecto-azobe-en-camerun\/#respond"]}]},{"@type":"WebPage","@id":"https:\/\/fundacioimpuls.org\/es\/impuls-sigue-apoyando-el-proyecto-azobe-en-camerun\/","url":"https:\/\/fundacioimpuls.org\/es\/impuls-sigue-apoyando-el-proyecto-azobe-en-camerun\/","name":"Impuls sigue apoyando el proyecto Azobe, en Camer\u00fan - Fundaci\u00f3 Impuls","isPartOf":{"@id":"https:\/\/fundacioimpuls.org\/#website"},"datePublished":"2023-07-17T12:56:26+00:00","dateModified":"2023-07-17T12:56:27+00:00","description":"Impuls apoya el proyecto Azobe, un colegio en Yound\u00e9, Camer\u00fan, que trabaja para impulsar una educaci\u00f3n de calidad en diferentes pa\u00edses","breadcrumb":{"@id":"https:\/\/fundacioimpuls.org\/es\/impuls-sigue-apoyando-el-proyecto-azobe-en-camerun\/#breadcrumb"},"inLanguage":"es","potentialAction":[{"@type":"ReadAction","target":["https:\/\/fundacioimpuls.org\/es\/impuls-sigue-apoyando-el-proyecto-azobe-en-camerun\/"]}]},{"@type":"BreadcrumbList","@id":"https:\/\/fundacioimpuls.org\/es\/impuls-sigue-apoyando-el-proyecto-azobe-en-camerun\/#breadcrumb","itemListElement":[{"@type":"ListItem","position":1,"name":"Inici","item":"https:\/\/fundacioimpuls.org\/es\/"},{"@type":"ListItem","position":2,"name":"Impuls sigue apoyando el proyecto Azobe, en Camer\u00fan"}]},{"@type":"WebSite","@id":"https:\/\/fundacioimpuls.org\/#website","url":"https:\/\/fundacioimpuls.org\/","name":"Fundaci\u00f3 Impuls","description":"Impuls quiere contribuir a la mejora de la sociedad a trav\u00e9s de la investigaci\u00f3n en materia educativa, el reconocimiento al papel del profesorado y la cooperaci\u00f3n internacional con proyectos educativos en pa\u00edses en v\u00edas de desarrollo.","publisher":{"@id":"https:\/\/fundacioimpuls.org\/#organization"},"potentialAction":[{"@type":"SearchAction","target":{"@type":"EntryPoint","urlTemplate":"https:\/\/fundacioimpuls.org\/?s={search_term_string}"},"query-input":"required name=search_term_string"}],"inLanguage":"es"},{"@type":"Organization","@id":"https:\/\/fundacioimpuls.org\/#organization","name":"Fundaci\u00f3 Impuls","url":"https:\/\/fundacioimpuls.org\/","logo":{"@type":"ImageObject","inLanguage":"es","@id":"https:\/\/fundacioimpuls.org\/#\/schema\/logo\/image\/","url":"https:\/\/fundacioimpuls.org\/wp-content\/uploads\/2022\/05\/logo-impuls-1.jpg","contentUrl":"https:\/\/fundacioimpuls.org\/wp-content\/uploads\/2022\/05\/logo-impuls-1.jpg","width":2012,"height":780,"caption":"Fundaci\u00f3 Impuls"},"image":{"@id":"https:\/\/fundacioimpuls.org\/#\/schema\/logo\/image\/"}},{"@type":"Person","@id":"https:\/\/fundacioimpuls.org\/#\/schema\/person\/4bc2c7853b5a0922785c9900143ac7dc","name":"B\u00e0rbara Sed\u00f3","image":{"@type":"ImageObject","inLanguage":"es","@id":"https:\/\/fundacioimpuls.org\/#\/schema\/person\/image\/","url":"https:\/\/secure.gravatar.com\/avatar\/d3cebf93f2248b62256e490eaae2ec38?s=96&d=mm&r=g","contentUrl":"https:\/\/secure.gravatar.com\/avatar\/d3cebf93f2248b62256e490eaae2ec38?s=96&d=mm&r=g","caption":"B\u00e0rbara Sed\u00f3"},"url":"https:\/\/fundacioimpuls.org\/es\/author\/comunicacio-b\/"}]}},"_links":{"self":[{"href":"https:\/\/fundacioimpuls.org\/es\/wp-json\/wp\/v2\/posts\/2680"}],"collection":[{"href":"https:\/\/fundacioimpuls.org\/es\/wp-json\/wp\/v2\/posts"}],"about":[{"href":"https:\/\/fundacioimpuls.org\/es\/wp-json\/wp\/v2\/types\/post"}],"author":[{"embeddable":true,"href":"https:\/\/fundacioimpuls.org\/es\/wp-json\/wp\/v2\/users\/7"}],"replies":[{"embeddable":true,"href":"https:\/\/fundacioimpuls.org\/es\/wp-json\/wp\/v2\/comments?post=2680"}],"version-history":[{"count":1,"href":"https:\/\/fundacioimpuls.org\/es\/wp-json\/wp\/v2\/posts\/2680\/revisions"}],"predecessor-version":[{"id":2681,"href":"https:\/\/fundacioimpuls.org\/es\/wp-json\/wp\/v2\/posts\/2680\/revisions\/2681"}],"wp:featuredmedia":[{"embeddable":true,"href":"https:\/\/fundacioimpuls.org\/es\/wp-json\/wp\/v2\/media\/2678"}],"wp:attachment":[{"href":"https:\/\/fundacioimpuls.org\/es\/wp-json\/wp\/v2\/media?parent=2680"}],"wp:term":[{"taxonomy":"category","embeddable":true,"href":"https:\/\/fundacioimpuls.org\/es\/wp-json\/wp\/v2\/categories?post=2680"},{"taxonomy":"post_tag","embeddable":true,"href":"https:\/\/fundacioimpuls.org\/es\/wp-json\/wp\/v2\/tags?post=2680"}],"curies":[{"name":"wp","href":"https:\/\/api.w.org\/{rel}","templated":true}]}}