{"id":827,"date":"2021-12-01T09:06:10","date_gmt":"2021-12-01T09:06:10","guid":{"rendered":"https:\/\/pre.f-impuls.org\/2021\/12\/01\/titular-noticia-cooperacio-internacional\/"},"modified":"2022-04-05T16:33:41","modified_gmt":"2022-04-05T15:33:41","slug":"titular-noticia-cooperacio-internacional","status":"publish","type":"post","link":"https:\/\/fundacioimpuls.org\/es\/titular-noticia-cooperacio-internacional\/","title":{"rendered":"\u00bfCu\u00e1l es el compromiso de nuestra fundaci\u00f3n?"},"content":{"rendered":"\n<p>Carta del presidente<\/p>\n\n<p><span style=\"font-weight: 400;\">En la Memoria de 2020, hemos querido hacer una s\u00edntesis de las diversas actividades desarrolladas por Impuls a lo largo de todo el ejercicio. Ha sido un a\u00f1o marcado por la pandemia de la COVID-19, en el que hemos hecho todo lo posible por reforzar nuestra actividad, especialmente en el \u00e1mbito del apoyo a las familias, entidades educativas y docentes. Esperamos que la presente <\/span><a href=\"https:\/\/fundacioimpuls.org\/es\/memoria\/\"><b>memoria<\/b><\/a><span style=\"font-weight: 400;\"> refleje el compromiso de nuestra fundaci\u00f3n en la mejora de la educaci\u00f3n, en unas circunstancias tan excepcionales.<\/span><\/p>\n\n<p><b>Fundaci\u00f3n Impuls tiene tres l\u00edneas de actuaci\u00f3n claramente definidas: calidad educativa, apoyo al profesorado y cooperaci\u00f3n al desarrollo.<\/b><\/p>\n\n<p><span style=\"font-weight: 400;\">En referencia al eje de <\/span><b>calidad educativa<\/b><span style=\"font-weight: 400;\"> hemos aumentado de manera considerable nuestra colaboraci\u00f3n con diversos proyectos de entidades e instituciones educativas para favorecer al m\u00e1ximo la igualdad de oportunidades del alumnado y el acceso a una educaci\u00f3n de calidad. Una de las consecuencias de la pandemia de la COVID 19 ha sido la reducci\u00f3n de ingresos, a menudo dram\u00e1tica, de gran parte de la ciudadan\u00eda. Por esta raz\u00f3n, a lo largo de 2020 hemos reforzado de manera considerable nuestra apuesta por el <\/span><b><a href=\"https:\/\/fundacioimpuls.org\/es\/opportunitas\/\">programa de becas Opportunitas<\/a> gracias al que m\u00e1s de 750 alumnos se pudieron beneficiar de ayudas a la escolarizaci\u00f3n y al comedor<\/b><span style=\"font-weight: 400;\">.<\/span><\/p>\n\n<p><span style=\"font-weight: 400;\">En la l\u00ednea de<\/span><b> apoyo al profesorado<\/b><span style=\"font-weight: 400;\">, este a\u00f1o nos hemos visto obligados a cambiar el planteamiento de las actividades formativas de Impuls, y ofrecerlas en formato telem\u00e1tico. <\/span><b>M\u00e1s de un centenar de docentes han realizado los 5 cursos online<\/b><span style=\"font-weight: 400;\">, con reconocimiento del Departamento de Educaci\u00f3n, que hemos impartido a lo largo del 2020: \u201cHerramientas de Pensamiento Cr\u00edtico y Creativo\u201d, \u201cLos entornos personales de aprendizaje\u201d, \u201cLa cooperaci\u00f3n y el pensamiento\u201d, \u201cEl aprendizaje competencial\u201d y \u201cConnecta+, educaci\u00f3n en el buen uso de Internet y las tecnolog\u00edas\u201d.<\/span><\/p>\n\n<p><b>Tambi\u00e9n hemos seguido avanzando con la implantaci\u00f3n del <a href=\"https:\/\/connectames.org\/\">programa Connecta+<\/a><\/b><span style=\"font-weight: 400;\">. Este proyecto naci\u00f3 con el objetivo de ayudar a los j\u00f3venes de entre 10 y 15 a\u00f1os a hacer un buen uso de Internet y la tecnolog\u00eda, y a sus familias y docentes a recibir la formaci\u00f3n necesaria para poder acompa\u00f1arles tambi\u00e9n en su \u201cvida digital\u201d. El balance del proyecto en 2020 es alentador: 123 centros inscritos, 236 sesiones de aula impartidas, 12.327 alumnos participantes, 16 pa\u00edses, 593 docentes formados en el curso reconocido por el Departamento de Educaci\u00f3n&#8230; y sigue creciendo a buen ritmo.<\/span><\/p>\n\n<p><b>Una de las novedades de este 2020 ha sido la formaci\u00f3n a familias<\/b><span style=\"font-weight: 400;\">. En pleno confinamiento y en uno de los momentos m\u00e1s dif\u00edciles de la pandemia, organizamos un ciclo de conferencias en l\u00ednea, en colaboraci\u00f3n con diversos centros educativos de Catalunya, bajo el t\u00edtulo \u201cEducar en tiempo de confinamiento\u201d. El objetivo del proyecto era ayudar a las familias a superar la dif\u00edcil situaci\u00f3n que nos toc\u00f3 vivir, con un total de 10 webinars que se ofrecieron en directo por Youtube entre los d\u00edas 4 y 15 de mayo para hablar de aspectos tan relevantes como: gesti\u00f3n emocional, educaci\u00f3n, entusiasmo, felicidad, resiliencia, autonom\u00eda, entre otras&#8230;\u00a0<\/span><\/p>\n\n<p>De la mano de diversos expertos en el \u00e1mbito de la psicolog\u00eda, pedagog\u00eda, educaci\u00f3n y sanidad. M\u00e1s de 8.000 personas pudieron asistir a las sesiones en directo, con una media de conexiones en directo de cerca de mil espectadores por sesi\u00f3n.<\/p>\n\n<p><b>En 2020 estrenamos una nueva l\u00ednea de actividades dentro del eje de apoyo al profesorado. <\/b><span style=\"font-weight: 400;\">Se trata de una oferta de cursos online de ingl\u00e9s, en colaboraci\u00f3n con <a href=\"https:\/\/www.ardorlearning.com\/?lang=es\">MyArdor English<\/a>, entidad que ofrece un innovador m\u00e9todo online desarrollado por Oxford University Press. En esta primera edici\u00f3n cursaron el programa, que se adapta al nivel de ingl\u00e9s de cada participante, cerca de una veintena de docentes.<\/span><\/p>\n\n<p><b>En cuanto a los proyectos de cooperaci\u00f3n, en 2020 se han realizado diversas campa\u00f1as de sensibilizaci\u00f3n y actividades solidarias en centros educativos catalanes<\/b><span style=\"font-weight: 400;\">. Este a\u00f1o hemos colaborado con proyectos de otras entidades y ONG de \u00e1mbito internacional como \u201cCaritas\u201d y \u201cAcci\u00f3n contra el Hambre\u201d pero especialmente hemos seguido dando apoyo a algunos proyectos del entorno local donde se ubican los colegios con los que colaboramos.<\/span><\/p>\n\n<p><span style=\"font-weight: 400;\">Durante el 2020, hemos colaborado en diversas iniciativas que tienen por objetivo<\/span><b> optimizar los recursos educativos, favoreciendo al m\u00e1ximo la igualdad de oportunidades en el alumnado y dar soporte a la labor educativa de los educadores principales: madres, padres y profesorado.<\/b><\/p>\n\n<p>Para acabar estas l\u00edneas me gustar\u00eda agradecer un a\u00f1o m\u00e1s a todas las personas que con su tiempo y dedicaci\u00f3n hacen posibles nuestras actividades, sin vosotros estas iniciativas no se habr\u00edan podido realizar.<\/p>\n\n<p><strong>Juan Ignacio Gonzalo<\/strong><\/p>\n\n<p>PRESIDENTE<\/p>\n","protected":false},"excerpt":{"rendered":"<p>Carta del presidente En la Memoria de 2020, hemos querido hacer una s\u00edntesis de las diversas actividades desarrolladas por Impuls a lo largo de todo el ejercicio. Ha sido un a\u00f1o marcado por la pandemia de la COVID-19, en el que hemos hecho todo lo posible por reforzar nuestra actividad, especialmente en el \u00e1mbito del [&hellip;]<\/p>\n","protected":false},"author":1,"featured_media":1191,"comment_status":"open","ping_status":"open","sticky":false,"template":"","format":"standard","meta":[],"categories":[19],"tags":[],"yoast_head":"<!-- This site is optimized with the Yoast SEO plugin v20.9 - https:\/\/yoast.com\/wordpress\/plugins\/seo\/ -->\n<title>\u00bfCu\u00e1l es el compromiso de nuestra fundaci\u00f3n? - Fundaci\u00f3 Impuls<\/title>\n<meta name=\"robots\" content=\"index, follow, max-snippet:-1, max-image-preview:large, max-video-preview:-1\" \/>\n<link rel=\"canonical\" href=\"https:\/\/fundacioimpuls.org\/es\/titular-noticia-cooperacio-internacional\/\" \/>\n<meta property=\"og:locale\" content=\"es_ES\" \/>\n<meta property=\"og:type\" content=\"article\" \/>\n<meta property=\"og:title\" content=\"\u00bfCu\u00e1l es el compromiso de nuestra fundaci\u00f3n? - Fundaci\u00f3 Impuls\" \/>\n<meta property=\"og:description\" content=\"Carta del presidente En la Memoria de 2020, hemos querido hacer una s\u00edntesis de las diversas actividades desarrolladas por Impuls a lo largo de todo el ejercicio. Ha sido un a\u00f1o marcado por la pandemia de la COVID-19, en el que hemos hecho todo lo posible por reforzar nuestra actividad, especialmente en el \u00e1mbito del [&hellip;]\" \/>\n<meta property=\"og:url\" content=\"https:\/\/fundacioimpuls.org\/es\/titular-noticia-cooperacio-internacional\/\" \/>\n<meta property=\"og:site_name\" content=\"Fundaci\u00f3 Impuls\" \/>\n<meta property=\"article:published_time\" content=\"2021-12-01T09:06:10+00:00\" \/>\n<meta property=\"article:modified_time\" content=\"2022-04-05T15:33:41+00:00\" \/>\n<meta property=\"og:image\" content=\"https:\/\/fundacioimpuls.org\/wp-content\/uploads\/2021\/11\/elizaveta-dushechkina-XPLCCRTX3ic-unsplash-scaled.jpg\" \/>\n\t<meta property=\"og:image:width\" content=\"2560\" \/>\n\t<meta property=\"og:image:height\" content=\"1828\" \/>\n\t<meta property=\"og:image:type\" content=\"image\/jpeg\" \/>\n<meta name=\"author\" content=\"KerygmaMad\" \/>\n<meta name=\"twitter:card\" content=\"summary_large_image\" \/>\n<meta name=\"twitter:label1\" content=\"Escrito por\" \/>\n\t<meta name=\"twitter:data1\" content=\"KerygmaMad\" \/>\n\t<meta name=\"twitter:label2\" content=\"Tiempo de lectura\" \/>\n\t<meta name=\"twitter:data2\" content=\"4 minutos\" \/>\n<script type=\"application\/ld+json\" class=\"yoast-schema-graph\">{\"@context\":\"https:\/\/schema.org\",\"@graph\":[{\"@type\":\"Article\",\"@id\":\"https:\/\/fundacioimpuls.org\/es\/titular-noticia-cooperacio-internacional\/#article\",\"isPartOf\":{\"@id\":\"https:\/\/fundacioimpuls.org\/es\/titular-noticia-cooperacio-internacional\/\"},\"author\":{\"name\":\"KerygmaMad\",\"@id\":\"https:\/\/fundacioimpuls.org\/#\/schema\/person\/eed9efac3815b950348728c46b5c2c68\"},\"headline\":\"\u00bfCu\u00e1l es el compromiso de nuestra fundaci\u00f3n?\",\"datePublished\":\"2021-12-01T09:06:10+00:00\",\"dateModified\":\"2022-04-05T15:33:41+00:00\",\"mainEntityOfPage\":{\"@id\":\"https:\/\/fundacioimpuls.org\/es\/titular-noticia-cooperacio-internacional\/\"},\"wordCount\":800,\"commentCount\":0,\"publisher\":{\"@id\":\"https:\/\/fundacioimpuls.org\/#organization\"},\"articleSection\":[\"IMPULS\"],\"inLanguage\":\"es\",\"potentialAction\":[{\"@type\":\"CommentAction\",\"name\":\"Comment\",\"target\":[\"https:\/\/fundacioimpuls.org\/es\/titular-noticia-cooperacio-internacional\/#respond\"]}]},{\"@type\":\"WebPage\",\"@id\":\"https:\/\/fundacioimpuls.org\/es\/titular-noticia-cooperacio-internacional\/\",\"url\":\"https:\/\/fundacioimpuls.org\/es\/titular-noticia-cooperacio-internacional\/\",\"name\":\"\u00bfCu\u00e1l es el compromiso de nuestra fundaci\u00f3n? - Fundaci\u00f3 Impuls\",\"isPartOf\":{\"@id\":\"https:\/\/fundacioimpuls.org\/#website\"},\"datePublished\":\"2021-12-01T09:06:10+00:00\",\"dateModified\":\"2022-04-05T15:33:41+00:00\",\"breadcrumb\":{\"@id\":\"https:\/\/fundacioimpuls.org\/es\/titular-noticia-cooperacio-internacional\/#breadcrumb\"},\"inLanguage\":\"es\",\"potentialAction\":[{\"@type\":\"ReadAction\",\"target\":[\"https:\/\/fundacioimpuls.org\/es\/titular-noticia-cooperacio-internacional\/\"]}]},{\"@type\":\"BreadcrumbList\",\"@id\":\"https:\/\/fundacioimpuls.org\/es\/titular-noticia-cooperacio-internacional\/#breadcrumb\",\"itemListElement\":[{\"@type\":\"ListItem\",\"position\":1,\"name\":\"Inici\",\"item\":\"https:\/\/fundacioimpuls.org\/es\/\"},{\"@type\":\"ListItem\",\"position\":2,\"name\":\"\u00bfCu\u00e1l es el compromiso de nuestra fundaci\u00f3n?\"}]},{\"@type\":\"WebSite\",\"@id\":\"https:\/\/fundacioimpuls.org\/#website\",\"url\":\"https:\/\/fundacioimpuls.org\/\",\"name\":\"Fundaci\u00f3 Impuls\",\"description\":\"Impuls quiere contribuir a la mejora de la sociedad a trav\u00e9s de la investigaci\u00f3n en materia educativa, el reconocimiento al papel del profesorado y la cooperaci\u00f3n internacional con proyectos educativos en pa\u00edses en v\u00edas de desarrollo.\",\"publisher\":{\"@id\":\"https:\/\/fundacioimpuls.org\/#organization\"},\"potentialAction\":[{\"@type\":\"SearchAction\",\"target\":{\"@type\":\"EntryPoint\",\"urlTemplate\":\"https:\/\/fundacioimpuls.org\/?s={search_term_string}\"},\"query-input\":\"required name=search_term_string\"}],\"inLanguage\":\"es\"},{\"@type\":\"Organization\",\"@id\":\"https:\/\/fundacioimpuls.org\/#organization\",\"name\":\"Fundaci\u00f3 Impuls\",\"url\":\"https:\/\/fundacioimpuls.org\/\",\"logo\":{\"@type\":\"ImageObject\",\"inLanguage\":\"es\",\"@id\":\"https:\/\/fundacioimpuls.org\/#\/schema\/logo\/image\/\",\"url\":\"https:\/\/fundacioimpuls.org\/wp-content\/uploads\/2022\/05\/logo-impuls-1.jpg\",\"contentUrl\":\"https:\/\/fundacioimpuls.org\/wp-content\/uploads\/2022\/05\/logo-impuls-1.jpg\",\"width\":2012,\"height\":780,\"caption\":\"Fundaci\u00f3 Impuls\"},\"image\":{\"@id\":\"https:\/\/fundacioimpuls.org\/#\/schema\/logo\/image\/\"}},{\"@type\":\"Person\",\"@id\":\"https:\/\/fundacioimpuls.org\/#\/schema\/person\/eed9efac3815b950348728c46b5c2c68\",\"name\":\"KerygmaMad\",\"image\":{\"@type\":\"ImageObject\",\"inLanguage\":\"es\",\"@id\":\"https:\/\/fundacioimpuls.org\/#\/schema\/person\/image\/\",\"url\":\"https:\/\/secure.gravatar.com\/avatar\/9cb88ecfa51bf6b27d85230ceb2e23c3?s=96&d=mm&r=g\",\"contentUrl\":\"https:\/\/secure.gravatar.com\/avatar\/9cb88ecfa51bf6b27d85230ceb2e23c3?s=96&d=mm&r=g\",\"caption\":\"KerygmaMad\"},\"sameAs\":[\"https:\/\/pre.f-impuls.org\"],\"url\":\"https:\/\/fundacioimpuls.org\/es\/author\/kerygmamad\/\"}]}<\/script>\n<!-- \/ Yoast SEO plugin. -->","yoast_head_json":{"title":"\u00bfCu\u00e1l es el compromiso de nuestra fundaci\u00f3n? - Fundaci\u00f3 Impuls","robots":{"index":"index","follow":"follow","max-snippet":"max-snippet:-1","max-image-preview":"max-image-preview:large","max-video-preview":"max-video-preview:-1"},"canonical":"https:\/\/fundacioimpuls.org\/es\/titular-noticia-cooperacio-internacional\/","og_locale":"es_ES","og_type":"article","og_title":"\u00bfCu\u00e1l es el compromiso de nuestra fundaci\u00f3n? - Fundaci\u00f3 Impuls","og_description":"Carta del presidente En la Memoria de 2020, hemos querido hacer una s\u00edntesis de las diversas actividades desarrolladas por Impuls a lo largo de todo el ejercicio. Ha sido un a\u00f1o marcado por la pandemia de la COVID-19, en el que hemos hecho todo lo posible por reforzar nuestra actividad, especialmente en el \u00e1mbito del [&hellip;]","og_url":"https:\/\/fundacioimpuls.org\/es\/titular-noticia-cooperacio-internacional\/","og_site_name":"Fundaci\u00f3 Impuls","article_published_time":"2021-12-01T09:06:10+00:00","article_modified_time":"2022-04-05T15:33:41+00:00","og_image":[{"width":2560,"height":1828,"url":"https:\/\/fundacioimpuls.org\/wp-content\/uploads\/2021\/11\/elizaveta-dushechkina-XPLCCRTX3ic-unsplash-scaled.jpg","type":"image\/jpeg"}],"author":"KerygmaMad","twitter_card":"summary_large_image","twitter_misc":{"Escrito por":"KerygmaMad","Tiempo de lectura":"4 minutos"},"schema":{"@context":"https:\/\/schema.org","@graph":[{"@type":"Article","@id":"https:\/\/fundacioimpuls.org\/es\/titular-noticia-cooperacio-internacional\/#article","isPartOf":{"@id":"https:\/\/fundacioimpuls.org\/es\/titular-noticia-cooperacio-internacional\/"},"author":{"name":"KerygmaMad","@id":"https:\/\/fundacioimpuls.org\/#\/schema\/person\/eed9efac3815b950348728c46b5c2c68"},"headline":"\u00bfCu\u00e1l es el compromiso de nuestra fundaci\u00f3n?","datePublished":"2021-12-01T09:06:10+00:00","dateModified":"2022-04-05T15:33:41+00:00","mainEntityOfPage":{"@id":"https:\/\/fundacioimpuls.org\/es\/titular-noticia-cooperacio-internacional\/"},"wordCount":800,"commentCount":0,"publisher":{"@id":"https:\/\/fundacioimpuls.org\/#organization"},"articleSection":["IMPULS"],"inLanguage":"es","potentialAction":[{"@type":"CommentAction","name":"Comment","target":["https:\/\/fundacioimpuls.org\/es\/titular-noticia-cooperacio-internacional\/#respond"]}]},{"@type":"WebPage","@id":"https:\/\/fundacioimpuls.org\/es\/titular-noticia-cooperacio-internacional\/","url":"https:\/\/fundacioimpuls.org\/es\/titular-noticia-cooperacio-internacional\/","name":"\u00bfCu\u00e1l es el compromiso de nuestra fundaci\u00f3n? - Fundaci\u00f3 Impuls","isPartOf":{"@id":"https:\/\/fundacioimpuls.org\/#website"},"datePublished":"2021-12-01T09:06:10+00:00","dateModified":"2022-04-05T15:33:41+00:00","breadcrumb":{"@id":"https:\/\/fundacioimpuls.org\/es\/titular-noticia-cooperacio-internacional\/#breadcrumb"},"inLanguage":"es","potentialAction":[{"@type":"ReadAction","target":["https:\/\/fundacioimpuls.org\/es\/titular-noticia-cooperacio-internacional\/"]}]},{"@type":"BreadcrumbList","@id":"https:\/\/fundacioimpuls.org\/es\/titular-noticia-cooperacio-internacional\/#breadcrumb","itemListElement":[{"@type":"ListItem","position":1,"name":"Inici","item":"https:\/\/fundacioimpuls.org\/es\/"},{"@type":"ListItem","position":2,"name":"\u00bfCu\u00e1l es el compromiso de nuestra fundaci\u00f3n?"}]},{"@type":"WebSite","@id":"https:\/\/fundacioimpuls.org\/#website","url":"https:\/\/fundacioimpuls.org\/","name":"Fundaci\u00f3 Impuls","description":"Impuls quiere contribuir a la mejora de la sociedad a trav\u00e9s de la investigaci\u00f3n en materia educativa, el reconocimiento al papel del profesorado y la cooperaci\u00f3n internacional con proyectos educativos en pa\u00edses en v\u00edas de desarrollo.","publisher":{"@id":"https:\/\/fundacioimpuls.org\/#organization"},"potentialAction":[{"@type":"SearchAction","target":{"@type":"EntryPoint","urlTemplate":"https:\/\/fundacioimpuls.org\/?s={search_term_string}"},"query-input":"required name=search_term_string"}],"inLanguage":"es"},{"@type":"Organization","@id":"https:\/\/fundacioimpuls.org\/#organization","name":"Fundaci\u00f3 Impuls","url":"https:\/\/fundacioimpuls.org\/","logo":{"@type":"ImageObject","inLanguage":"es","@id":"https:\/\/fundacioimpuls.org\/#\/schema\/logo\/image\/","url":"https:\/\/fundacioimpuls.org\/wp-content\/uploads\/2022\/05\/logo-impuls-1.jpg","contentUrl":"https:\/\/fundacioimpuls.org\/wp-content\/uploads\/2022\/05\/logo-impuls-1.jpg","width":2012,"height":780,"caption":"Fundaci\u00f3 Impuls"},"image":{"@id":"https:\/\/fundacioimpuls.org\/#\/schema\/logo\/image\/"}},{"@type":"Person","@id":"https:\/\/fundacioimpuls.org\/#\/schema\/person\/eed9efac3815b950348728c46b5c2c68","name":"KerygmaMad","image":{"@type":"ImageObject","inLanguage":"es","@id":"https:\/\/fundacioimpuls.org\/#\/schema\/person\/image\/","url":"https:\/\/secure.gravatar.com\/avatar\/9cb88ecfa51bf6b27d85230ceb2e23c3?s=96&d=mm&r=g","contentUrl":"https:\/\/secure.gravatar.com\/avatar\/9cb88ecfa51bf6b27d85230ceb2e23c3?s=96&d=mm&r=g","caption":"KerygmaMad"},"sameAs":["https:\/\/pre.f-impuls.org"],"url":"https:\/\/fundacioimpuls.org\/es\/author\/kerygmamad\/"}]}},"_links":{"self":[{"href":"https:\/\/fundacioimpuls.org\/es\/wp-json\/wp\/v2\/posts\/827"}],"collection":[{"href":"https:\/\/fundacioimpuls.org\/es\/wp-json\/wp\/v2\/posts"}],"about":[{"href":"https:\/\/fundacioimpuls.org\/es\/wp-json\/wp\/v2\/types\/post"}],"author":[{"embeddable":true,"href":"https:\/\/fundacioimpuls.org\/es\/wp-json\/wp\/v2\/users\/1"}],"replies":[{"embeddable":true,"href":"https:\/\/fundacioimpuls.org\/es\/wp-json\/wp\/v2\/comments?post=827"}],"version-history":[{"count":3,"href":"https:\/\/fundacioimpuls.org\/es\/wp-json\/wp\/v2\/posts\/827\/revisions"}],"predecessor-version":[{"id":1674,"href":"https:\/\/fundacioimpuls.org\/es\/wp-json\/wp\/v2\/posts\/827\/revisions\/1674"}],"wp:featuredmedia":[{"embeddable":true,"href":"https:\/\/fundacioimpuls.org\/es\/wp-json\/wp\/v2\/media\/1191"}],"wp:attachment":[{"href":"https:\/\/fundacioimpuls.org\/es\/wp-json\/wp\/v2\/media?parent=827"}],"wp:term":[{"taxonomy":"category","embeddable":true,"href":"https:\/\/fundacioimpuls.org\/es\/wp-json\/wp\/v2\/categories?post=827"},{"taxonomy":"post_tag","embeddable":true,"href":"https:\/\/fundacioimpuls.org\/es\/wp-json\/wp\/v2\/tags?post=827"}],"curies":[{"name":"wp","href":"https:\/\/api.w.org\/{rel}","templated":true}]}}